{"id":1020,"date":"2020-01-13T09:22:45","date_gmt":"2020-01-13T08:22:45","guid":{"rendered":"https:\/\/www.kognitionskyrkan.nu\/2.0\/?p=1020"},"modified":"2020-01-13T09:22:45","modified_gmt":"2020-01-13T08:22:45","slug":"nyarstal-2020","status":"publish","type":"post","link":"https:\/\/kognitionskyrkan.nu\/2.0\/2020\/01\/13\/nyarstal-2020\/","title":{"rendered":"Ny\u00e5rstal 2020: &#8221;Vet du vem du \u00e4r?&#8221;"},"content":{"rendered":"\n\t\t\t\t\n<div class=\"wp-block-image\"><figure class=\"alignright is-resized\"><img loading=\"lazy\" decoding=\"async\" src=\"https:\/\/new.kognitionskyrkan.nu\/2.0\/wp-content\/uploads\/2021\/01\/id.jpg\" alt=\"\" class=\"wp-image-1021\" width=\"188\" height=\"213\" srcset=\"https:\/\/kognitionskyrkan.nu\/2.0\/wp-content\/uploads\/2021\/01\/id.jpg 298w, https:\/\/kognitionskyrkan.nu\/2.0\/wp-content\/uploads\/2021\/01\/id-264x300.jpg 264w\" sizes=\"auto, (max-width: 188px) 100vw, 188px\" \/><\/figure><\/div>\n\n\n\n<p>Utvecklingen p\u00e5 mjukvarufronten under senaste \u00e5ren saknar motstycke n\u00e5gonsin i historien. Blockkedjetekniken har skapat f\u00f6ruts\u00e4ttningar som ej varit m\u00f6jliga tidigare. Om 2019 var &#8221;f\u00f6rtroendeteknikens&#8221; genomslags\u00e5r med Bitcoin som murbr\u00e4cka, s\u00e5 kommer 2020 bli \u00e5ret d\u00e5 n\u00e5got \u00e4nnu st\u00f6rre g\u00f6r entr\u00e9. L\u00e5t oss i nul\u00e4get kalla det &#8221;sj\u00e4lv\u00e4gd identitet&#8221;, s\u00e5 f\u00e5r vi se vad f\u00f6r buzzword det kommer f\u00e5 under \u00e5ret. Det \u00e4r ingen id\u00e9 att f\u00f6rs\u00f6ka f\u00f6rklara storheten i detta \u00e4nnu, men n\u00e4rmare himlariket har vi aldrig varit ur ett rent teknisk perspektiv.<\/p>\n\t\t","protected":false},"excerpt":{"rendered":"<p>Utvecklingen p\u00e5 mjukvarufronten under senaste \u00e5ren saknar motstycke n\u00e5gonsin i historien. Blockkedjetekniken har skapat f\u00f6ruts\u00e4ttningar som ej varit m\u00f6jliga tidigare. Om 2019 var &#8221;f\u00f6rtroendeteknikens&#8221; genomslags\u00e5r med Bitcoin som murbr\u00e4cka, s\u00e5 kommer 2020 bli \u00e5ret d\u00e5 n\u00e5got \u00e4nnu st\u00f6rre g\u00f6r entr\u00e9. L\u00e5t oss i nul\u00e4get kalla det &#8221;sj\u00e4lv\u00e4gd identitet&#8221;, s\u00e5 f\u00e5r [&hellip;]<\/p>\n","protected":false},"author":1,"featured_media":1021,"comment_status":"closed","ping_status":"closed","sticky":false,"template":"","format":"standard","meta":{"footnotes":""},"categories":[6],"tags":[19,90,129,235],"class_list":["post-1020","post","type-post","status-publish","format-standard","has-post-thumbnail","hentry","category-nyarstal","tag-19","tag-fortroende","tag-identitet","tag-sjalvagd"],"_links":{"self":[{"href":"https:\/\/kognitionskyrkan.nu\/2.0\/wp-json\/wp\/v2\/posts\/1020","targetHints":{"allow":["GET"]}}],"collection":[{"href":"https:\/\/kognitionskyrkan.nu\/2.0\/wp-json\/wp\/v2\/posts"}],"about":[{"href":"https:\/\/kognitionskyrkan.nu\/2.0\/wp-json\/wp\/v2\/types\/post"}],"author":[{"embeddable":true,"href":"https:\/\/kognitionskyrkan.nu\/2.0\/wp-json\/wp\/v2\/users\/1"}],"replies":[{"embeddable":true,"href":"https:\/\/kognitionskyrkan.nu\/2.0\/wp-json\/wp\/v2\/comments?post=1020"}],"version-history":[{"count":0,"href":"https:\/\/kognitionskyrkan.nu\/2.0\/wp-json\/wp\/v2\/posts\/1020\/revisions"}],"wp:featuredmedia":[{"embeddable":true,"href":"https:\/\/kognitionskyrkan.nu\/2.0\/wp-json\/wp\/v2\/media\/1021"}],"wp:attachment":[{"href":"https:\/\/kognitionskyrkan.nu\/2.0\/wp-json\/wp\/v2\/media?parent=1020"}],"wp:term":[{"taxonomy":"category","embeddable":true,"href":"https:\/\/kognitionskyrkan.nu\/2.0\/wp-json\/wp\/v2\/categories?post=1020"},{"taxonomy":"post_tag","embeddable":true,"href":"https:\/\/kognitionskyrkan.nu\/2.0\/wp-json\/wp\/v2\/tags?post=1020"}],"curies":[{"name":"wp","href":"https:\/\/api.w.org\/{rel}","templated":true}]}}