{"id":1031,"date":"2018-01-13T10:14:37","date_gmt":"2018-01-13T09:14:37","guid":{"rendered":"https:\/\/www.kognitionskyrkan.nu\/2.0\/?p=1031"},"modified":"2018-01-13T10:14:37","modified_gmt":"2018-01-13T09:14:37","slug":"nyarstal-2018","status":"publish","type":"post","link":"https:\/\/kognitionskyrkan.nu\/2.0\/2018\/01\/13\/nyarstal-2018\/","title":{"rendered":"Ny\u00e5rstal 2018: &#8221;Begynnelsen&#8221;"},"content":{"rendered":"\n\t\t\t\t\n<div class=\"wp-block-image\"><figure class=\"alignright\"><img decoding=\"async\" src=\"https:\/\/lh6.googleusercontent.com\/B4U1-zaTaHudyLkjtvZoil6wbsreKMPnFZP7Wg8e208xnK7aA2IFZhFl5W8-0Rt-RbbadfM0jaymM34-wObHBcXGxePp-uKunLPN_PsPGvGPWiS_O8WVp51rRX3YxU5IcmVqRMwl\" alt=\"\"\/><\/figure><\/div>\n\n\n\n<p>Den tid vi lever i just nu kommer i framtiden beskrivas som den viktigaste tidpunkten i den m\u00e4nskliga historien. En tid som senaste \u00e5ren inleds med att gr\u00e4srotsr\u00f6relser g\u00f6r uppror mot f\u00f6r\u00e5ldrade och repressiva ledarskaps- strukturer inom alla omr\u00e5den och p\u00e5 alla niv\u00e5er. Detta sker p\u00e5 ett s\u00e4tt och med en omfattning som aldrig tidigare varit m\u00f6jligt. Det \u00e4r ett resultat av internets nyfunna m\u00f6jligheter, en ny generation som mognar och kan anv\u00e4nda dem samt ett v\u00e4xande kollektivt mod att trotsa d\u00e5ligt ledarskap.<br><\/p>\n\n\n\n<p>Dan Brown skriver om en ny organism som infiltrerat m\u00e4nskligheten, Elon Musk ber\u00e4ttar med h\u00f6g r\u00f6st att vi skall akta oss f\u00f6r A.I, EU\u2019s nya GDPR lagstiftning om r\u00e4tten till sitt eget digitala liv tr\u00e4der i kraft och vi har en blockkedjeteknologi som propsar p\u00e5 att den kan hantera f\u00f6rtroende b\u00e4ttre \u00e4n vad vi \u00e4r vana vid. Vi st\u00e5r helt klart inf\u00f6r ett paradigmskifte, en ny era, en ny v\u00e4rld med f\u00f6ruts\u00e4ttningar m\u00e4nskligheten aldrig tidigare upplevt. MEN det \u00e4r inget vi skall vara r\u00e4dda f\u00f6r, utan v\u00e4lkomna. F\u00f6rest\u00e4ll dig att Gud st\u00e5r bredvid dig med handen p\u00e5 din axel. Du k\u00e4nner en trygghet i att han finns vid din sida.<br><\/p>\n\n\n\n<p>Det finns ett antal olika str\u00f6mningar som b\u00f6rjar n\u00e4rma sig varandra och centralt f\u00f6r dessa \u00e4r de tekniska framstegen som skett p\u00e5 senare \u00e5r. N\u00e4r internet kom, s\u00e5 fick vi \u00e5tkomst till information \u00f6ver hela v\u00e4rlden. Men det som st\u00e5r f\u00f6r d\u00f6rren \u00e4r mycket st\u00f6rre. Blockkedjetekniken med Bitcoin murbr\u00e4cka kommer ge oss m\u00f6jligheten att best\u00e4mma \u00f6ver v\u00e5r digitala persona och det v\u00e4rde som knyts till den. Det kan l\u00e5ta som en utopi, men t\u00e4nk dig en situation d\u00e4r du kommer vara anonym i alla l\u00e4gen, d\u00e4r du inte sj\u00e4lv medgett det motsatta och detta utan att bli ifr\u00e5gasatt. T\u00e4nk dig att inte ens din arbetsgivare k\u00e4nner till din identitet. Detta med staten och skattemyndighetens godk\u00e4nnande. Jag f\u00f6rst\u00e5r att det l\u00e5ter som en utopi, men tekniken finns och \u00e4ven om det kommer ta ett par \u00e5r att ta till oss den, s\u00e5 \u00e4r vi p\u00e5 v\u00e4g mot en v\u00e4rld d\u00e4r vi alla p\u00e5 lika villkor \u00e4ger oss sj\u00e4lva.<br><\/p>\n\t\t","protected":false},"excerpt":{"rendered":"<p>Den tid vi lever i just nu kommer i framtiden beskrivas som den viktigaste tidpunkten i den m\u00e4nskliga historien. En tid som senaste \u00e5ren inleds med att gr\u00e4srotsr\u00f6relser g\u00f6r uppror mot f\u00f6r\u00e5ldrade och repressiva ledarskaps- strukturer inom alla omr\u00e5den och p\u00e5 alla niv\u00e5er. Detta sker p\u00e5 ett s\u00e4tt och med [&hellip;]<\/p>\n","protected":false},"author":1,"featured_media":0,"comment_status":"closed","ping_status":"closed","sticky":false,"template":"","format":"standard","meta":{"footnotes":""},"categories":[6],"tags":[29,99,206],"class_list":["post-1031","post","type-post","status-publish","format-standard","hentry","category-nyarstal","tag-ai","tag-gdpr","tag-origin"],"_links":{"self":[{"href":"https:\/\/kognitionskyrkan.nu\/2.0\/wp-json\/wp\/v2\/posts\/1031","targetHints":{"allow":["GET"]}}],"collection":[{"href":"https:\/\/kognitionskyrkan.nu\/2.0\/wp-json\/wp\/v2\/posts"}],"about":[{"href":"https:\/\/kognitionskyrkan.nu\/2.0\/wp-json\/wp\/v2\/types\/post"}],"author":[{"embeddable":true,"href":"https:\/\/kognitionskyrkan.nu\/2.0\/wp-json\/wp\/v2\/users\/1"}],"replies":[{"embeddable":true,"href":"https:\/\/kognitionskyrkan.nu\/2.0\/wp-json\/wp\/v2\/comments?post=1031"}],"version-history":[{"count":0,"href":"https:\/\/kognitionskyrkan.nu\/2.0\/wp-json\/wp\/v2\/posts\/1031\/revisions"}],"wp:attachment":[{"href":"https:\/\/kognitionskyrkan.nu\/2.0\/wp-json\/wp\/v2\/media?parent=1031"}],"wp:term":[{"taxonomy":"category","embeddable":true,"href":"https:\/\/kognitionskyrkan.nu\/2.0\/wp-json\/wp\/v2\/categories?post=1031"},{"taxonomy":"post_tag","embeddable":true,"href":"https:\/\/kognitionskyrkan.nu\/2.0\/wp-json\/wp\/v2\/tags?post=1031"}],"curies":[{"name":"wp","href":"https:\/\/api.w.org\/{rel}","templated":true}]}}