{"id":1033,"date":"2017-01-13T10:19:01","date_gmt":"2017-01-13T09:19:01","guid":{"rendered":"https:\/\/www.kognitionskyrkan.nu\/2.0\/?p=1033"},"modified":"2017-01-13T10:19:01","modified_gmt":"2017-01-13T09:19:01","slug":"nyarstal-2017","status":"publish","type":"post","link":"https:\/\/kognitionskyrkan.nu\/2.0\/2017\/01\/13\/nyarstal-2017\/","title":{"rendered":"Ny\u00e5rstal 2017: &#8221;I n\u00e5dens \u00e5r&#8221;"},"content":{"rendered":"\n\t\t\t\t\n<figure class=\"wp-block-image\"><img decoding=\"async\" src=\"https:\/\/lh3.googleusercontent.com\/Vg_1ZLCjvqeA0Pu_2jAr3mC99jgudo_76_RwYpQyo5JayzuW07Ukv19VJ-bJIkW1JqoHZk1bHfNNf31PeJyct7o1KErrMgJMEUCDZdAySHtxrVs6j1FE1OW7B-uPrUgPTmgKLW8b\" alt=\"Screenshot 2017-01-01 at 21.37.13.png\"\/><\/figure>\n\n\n\n<p>Vi g\u00e5r en ljus tid till m\u00f6tes. Men nej, det \u00e4r inte pga av att Trump blir president i USA, att Ryssland skapat fred i Syrien eller n\u00e5got av den karakt\u00e4ren. Nej, v\u00e4rlden har under m\u00e5nga \u00e5r mer eller mindre ost\u00f6rt styrts av personer med egna insikter om vad som \u00e4r b\u00e4st f\u00f6r oss alla. Om dessa potentater ifr\u00e5gasatts tidigare, s\u00e5 har den ifr\u00e5gas\u00e4ttande parten levt farligt. Att v\u00e4rlden k\u00f6rdes i diket f\u00f6r flera \u00e5r d\u00e4r den ekonomiska krisen 2008 bara var toppen av isberget borde inte g\u00e5tt n\u00e5gon f\u00f6rbi. Men det \u00e4r nya tider nu. Den verkliga makten har sagt ifr\u00e5n och det \u00e4r d\u00e4rf\u00f6r vi g\u00e5r en ljusare tid till m\u00f6tes.<br><\/p>\n\n\n\n<p>Vanligt folk har f\u00e5tt genomlida ekonomisk mis\u00e4r, krig, utsatthet och hoppl\u00f6shet av episka m\u00e5tt f\u00f6r att vara modern tid. P\u00e5 ytan m\u00e5 \u00e4ven USA se rikt ut, men fattigdomen \u00e4r utbredd. Det har lett till att folket rest sig, inte bara i USA utan \u00f6ver hela v\u00e4rlden och man skall aldrig underskatta den verkliga makten. Elit, adel och majest\u00e4ter \u00e4r inte mycket v\u00e4rda om de inte har det folket p\u00e5 sin sida. Och n\u00e4r de inte har det, s\u00e5 s\u00e4ger folket ifr\u00e5n OCH det \u00e4r just det du ser.<\/p>\n\n\n\n<p>Etablerade institutioner skakas i sina fundament och g\u00f6r allt f\u00f6r att skr\u00e4mma oss tillbaka till hur det var. Vi m\u00e5ste alla h\u00e5lla tungan r\u00e4tt i mun och huvudet kallt. Alltid n\u00e4r man s\u00e4ger ifr\u00e5n p\u00e5 skarpen s\u00e5 uppst\u00e5r ett vakuum av oro och otrygghet. Men ist\u00e4llet f\u00f6r att \u00f6nska sig tillbaka till tryggheten i hur det var, s\u00e5 m\u00e5ste vi alla likt f\u00e5gel Fenix ta oss igenom aska och eld, f\u00f6r att med ny styrka \u00e5terskapa vad som blivit fel senaste 20-30 \u00e5ren.<\/p>\n\n\n\n<p>Den kan vara sv\u00e5rt att f\u00f6rst\u00e5, men det ekonomiska systemets styrning \u00e4r det yttersta redskapet f\u00f6r makten att bem\u00e4stra v\u00e5r v\u00e4rld. Man kan leva i en illusion att demokrati och politik styr, men det finns m\u00e5nga fler parametrar involverade. Man sk\u00f6nja sprickorna i hur v\u00e4rlden bem\u00e4stras d\u00e5 media anv\u00e4nds mer f\u00f6r propaganda och skr\u00e4msel \u00e4n att ber\u00e4tta hur det egenligen \u00e4r.<br><\/p>\n\n\n\n<p>Allts\u00e5, det som sker just i v\u00e4rlden m\u00e5 p\u00e5 ytan verka kaotiskt, men det \u00e4r faktiskt BRA, hur jobbigt det \u00e4n kan verka. Makt sl\u00e4pper og\u00e4rna sitt och kommer bitas och rivas rej\u00e4lt under de n\u00e4rmaste \u00e5ren. Men \u00f6verlag kan vi r\u00e4kna med en snabb \u00e5terh\u00e4mtning i de orosh\u00e4rdar som finns i v\u00e4rlden. Den st\u00f6rsta faran och bromsklossen \u00e4r inte den nya makten formas och f\u00f6rflyttas \u00f6ver v\u00e4rlden, utan oron hos den gamla som g\u00e4rna lyssnar till ormtungornas viskningar.<br><\/p>\n\n\n\n<p>S\u00e5 hur bist\u00e5r vi alla en snabb \u00f6verg\u00e5ng till en ny b\u00e4ttre ordning f\u00f6r v\u00e4rlden? Jo, precis som n\u00e4mndes ovan &#8211; s\u00e5 \u00e4r det i det ekonomiska systemet saker h\u00e4nder fortast. Och det \u00e4r h\u00e4r vi kommer se stora och snabba f\u00f6r\u00e4ndringar under 2017.<br><\/p>\n\n\n\n<p><strong>2017 = 2+0+1+7=10 = 1+0 = 1<\/strong><br><\/p>\n\n\n\n<p>Jag kan f\u00f6rst\u00e5 om numerologi inte f\u00e5ngat din uppm\u00e4rksamhet och jag t\u00e4nker inte heller uppmuntra till det nu heller. Men, kritstreck dras och beslut fattas. Ibland sammantr\u00e4ffar de med varandra. 1 enligt numeroligin betyder b\u00f6rjan p\u00e5 en ny tid och senast vi upplevde en 1\u2019a var 2008 d\u00e5 den ekonomiska krisen inleddes &#8211; s\u00e5 varf\u00f6r inte. N\u00e5gon inom den ekonomiska eliten tycks ju iallafall ha f\u00f6rk\u00e4rlek f\u00f6r numerologi. Nedan video \u00e4r fr\u00e5n 2014, men \u00e4r egentligen mer aktuell f\u00f6r det stundande \u00e5ret.<\/p>\n\n\n\n<p>Jag har n\u00e4mnt bitcoin tekniken i tv\u00e5 tidigare ny\u00e5rstal och s\u00e5 \u00e4ven i \u00e5r. Jag tycker det dags \u00e4ven f\u00f6r dig att dra ditt str\u00e5 till stacken, genom att l\u00e4ra dig mer tekniken och diskutera den med v\u00e4nner och bekanta. D\u00e4r i finns l\u00f6sningen p\u00e5 den b\u00e4ttre framtiden och som avslut s\u00e5 t\u00e4nkte jag bara rekommendera en presentation som h\u00f6lls hos v\u00e4rldsbanken under sommaren 2016 av en legend inom it och ekonomi:<\/p>\n\n\n\n<p><a href=\"http:\/\/www.imf.org\/external\/mmedia\/view.aspx?vid=5160059156001\">New Economy Talks with Don Tapscott<\/a><br><\/p>\n\n\n\n<h3 class=\"wp-block-heading\">UPDATE: \u201cI \u00e5r h\u00e4nder det\u2026\u201d<\/h3>\n\n\n\n<h4 class=\"wp-block-heading\">Guds hus<\/h4>\n\n\n\n<p>Den institution vi idag k\u00e4nner som ben\u00e4mningen \u201cBank\u201d kommer i framtiden vara densamma som vi ben\u00e4mner \u201cKyrka\u201d. Jag f\u00f6rst\u00e5r om det \u00e4r sv\u00e5rt att f\u00f6rst\u00e5 det du precis l\u00e4st, men med tiden s\u00e5 kommer du g\u00f6ra det. \u201c<a href=\"https:\/\/goo.gl\/6d6Vc7\">Guds hus<\/a>\u201d \u00e4r l\u00e5ngt ifr\u00e5n vad det borde vara, men de f\u00f6rsta stegen p\u00e5 den r\u00e4tta v\u00e4gen tas nu\u2026 F\u00f6lj med p\u00e5 resan&#8230;\n\n<\/p>\n\t\t","protected":false},"excerpt":{"rendered":"<p>Vi g\u00e5r en ljus tid till m\u00f6tes. Men nej, det \u00e4r inte pga av att Trump blir president i USA, att Ryssland skapat fred i Syrien eller n\u00e5got av den karakt\u00e4ren. Nej, v\u00e4rlden har under m\u00e5nga \u00e5r mer eller mindre ost\u00f6rt styrts av personer med egna insikter om vad som [&hellip;]<\/p>\n","protected":false},"author":1,"featured_media":0,"comment_status":"closed","ping_status":"closed","sticky":false,"template":"","format":"standard","meta":{"footnotes":""},"categories":[6],"tags":[17,248,255],"class_list":["post-1033","post","type-post","status-publish","format-standard","hentry","category-nyarstal","tag-17","tag-tapscott","tag-trump"],"_links":{"self":[{"href":"https:\/\/kognitionskyrkan.nu\/2.0\/wp-json\/wp\/v2\/posts\/1033","targetHints":{"allow":["GET"]}}],"collection":[{"href":"https:\/\/kognitionskyrkan.nu\/2.0\/wp-json\/wp\/v2\/posts"}],"about":[{"href":"https:\/\/kognitionskyrkan.nu\/2.0\/wp-json\/wp\/v2\/types\/post"}],"author":[{"embeddable":true,"href":"https:\/\/kognitionskyrkan.nu\/2.0\/wp-json\/wp\/v2\/users\/1"}],"replies":[{"embeddable":true,"href":"https:\/\/kognitionskyrkan.nu\/2.0\/wp-json\/wp\/v2\/comments?post=1033"}],"version-history":[{"count":0,"href":"https:\/\/kognitionskyrkan.nu\/2.0\/wp-json\/wp\/v2\/posts\/1033\/revisions"}],"wp:attachment":[{"href":"https:\/\/kognitionskyrkan.nu\/2.0\/wp-json\/wp\/v2\/media?parent=1033"}],"wp:term":[{"taxonomy":"category","embeddable":true,"href":"https:\/\/kognitionskyrkan.nu\/2.0\/wp-json\/wp\/v2\/categories?post=1033"},{"taxonomy":"post_tag","embeddable":true,"href":"https:\/\/kognitionskyrkan.nu\/2.0\/wp-json\/wp\/v2\/tags?post=1033"}],"curies":[{"name":"wp","href":"https:\/\/api.w.org\/{rel}","templated":true}]}}