{"id":1037,"date":"2015-01-13T10:24:42","date_gmt":"2015-01-13T09:24:42","guid":{"rendered":"https:\/\/www.kognitionskyrkan.nu\/2.0\/?p=1037"},"modified":"2015-01-13T10:24:42","modified_gmt":"2015-01-13T09:24:42","slug":"nyarstal-2015","status":"publish","type":"post","link":"https:\/\/kognitionskyrkan.nu\/2.0\/2015\/01\/13\/nyarstal-2015\/","title":{"rendered":"Ny\u00e5rstal 2015: &#8221;Tid f\u00f6r amnesti, bot och b\u00e4ttring&#8221;"},"content":{"rendered":"\n\t\t\t\t\n<div class=\"wp-block-image\"><figure class=\"alignright\"><img decoding=\"async\" src=\"https:\/\/lh5.googleusercontent.com\/8iZ5dQLo2TrgRtjfhMDaq9P7xOBLOCPAlfpy_IB3wdFbgPX2R6r2aQrlPj8N8yTnBw1-l47Ag1X0iHsiAz0efJYVenTtBvyHX9Ngzf807AMKy_Ce3ulh87WHJOWWIZUrywg5H413\" alt=\"\"\/><\/figure><\/div>\n\n\n\n<p>Alla har n\u00e5gon g\u00e5ng gjort fel. Alla har n\u00e5gon g\u00e5ng fallit f\u00f6r frestelser. Alla har n\u00e5gon g\u00e5ng misslyckats i sin dygd. Kasta f\u00f6rsta stenen, du som \u00e4r fri fr\u00e5n skuld. Ja, ja&#8230; Vi k\u00e4nner alla till de gamla dammiga orden och deras betydelse. Inget nytt med dem. Men har de verkligen n\u00e5gon betydelse l\u00e4ngre, d\u00e5 allt och alla bara tycks roffa \u00e5t sig, s\u00e5 mycket de bara kan? Ja, i \u00e5r kommer de ha st\u00f6rre betydelse \u00e4n n\u00e5gonsin. I \u00e5r \u00e4r det dags att v\u00e4nda p\u00e5 s\u00e5 v\u00e4l stenar som leverne. Den b\u00e4ttre tiden \u00e4r kommen f\u00f6r s\u00e5 v\u00e4l p\u00e5var som oss vanliga m\u00e4nniskor <em>&#8230;s\u00e5 som i himmelen, s\u00e5 ock p\u00e5 jorden<\/em>.<\/p>\n\n\n\n<p>Ja, det har b\u00f6rjat h\u00e4nda saker och det \u00e4r inte bara de vanliga pekpinnarna p\u00e5 fotfolksniv\u00e5, utan \u00e4ven p\u00e5 allra h\u00f6gsta niv\u00e5. Nya p\u00e5ven Franciskus har uppvisat ett extraordin\u00e4rt ledarskap \u00f6ver en f\u00f6rfallen katolsk kuria. Han skr\u00e4der inte alls p\u00e5 orden (<a href=\"http:\/\/www.svd.se\/nyheter\/utrikes\/paven-vatikanen-lider-av-andlig-alzheimers_4210491.svd\">Artikel i SvD<\/a>) och det kan bekr\u00e4ftas ifr\u00e5n s\u00e4kra personliga k\u00e4llor att det inte bara \u00e4r ord inf\u00f6r media, utan det h\u00e4nder saker p\u00e5 riktigt. Vi som l\u00e4nge f\u00f6rkastat och tappat tron den m\u00f6rka katolska korruptionen har all anledning att h\u00e5lla ett \u00f6ga p\u00e5 dess utveckling. F\u00f6r, om det g\u00e5r att g\u00f6ra bot och b\u00e4ttring i p\u00e5ve Franciskus m\u00f6rka boning, s\u00e5 g\u00e5r det var som helst &#8211; f\u00f6r n\u00e4r <a href=\"http:\/\/www.kognitionskyrkan.nu\/1.0\/forkunnelser\/16-etik-moral\/41-del-8-absolut-makt\">Leviatan<\/a> sj\u00e4lv besegrats \u00e4r den m\u00f6rka sidans tid r\u00e4knad.<\/p>\n\n\n\n<p>Ekonomin har i alla tider varit de m\u00f6rka krafternas st\u00f6rsta hemvist och iom 80 -talets avregleringar s\u00e5 b\u00f6rjade det se riktigt illa ut i allt st\u00f6rre skala. Efter h\u00e4ndelserna 9\/11 2001 l\u00f6pte det helt amok och 2008 brakade ekonomin samman p\u00e5 den globala arenan. Vi lever fortfarande f\u00f6ljderna av den ekonomiska kollapsen. F\u00f6r att f\u00f6rst\u00e5 varf\u00f6r de m\u00f6rka krafterna \u00e4r s\u00e5 ivriga p\u00e5 att s\u00e4tta t\u00e4nderna i ekonomin, s\u00e5 m\u00e5ste man f\u00f6rst\u00e5 vad som ligger bakom ordet &#8221;ekonomi&#8221;. Och f\u00f6r att f\u00f6rst\u00e5 det, s\u00e5 faller vi tillbaka p\u00e5 f\u00f6rkunnelsen om att &#8221;<a href=\"http:\/\/www.kognitionskyrkan.nu\/1.0\/forkunnelser\/16-etik-moral\/34-del-2-allt-har-ett-vaerde\">Allt har ett v\u00e4rde<\/a>&#8221;. Varje g\u00e5ng du kommer i kontakt med ordet &#8221;ekonomi&#8221; s\u00e5 m\u00e5ste du f\u00f6rst\u00e5 dess abstrakta komplexitet och att det i andra \u00e4nden av ordet finns ett verkligt v\u00e4rde.<\/p>\n\n\n\n<p>Det \u00e4r enormt sv\u00e5rt att inse relationen mellan ordet &#8221;ekonomi&#8221; och att folk jobbar i m\u00f6rka gruvor, tv\u00e4ttar vindrutor, s\u00e4ljer svavelstickor, plockar bomull, putsar skor, osv osv. Men den kopplingen \u00e4r den verkliga kopplingen. L\u00e4ngst ut i den ekonomiska periferin finns m\u00e4nsklighetens innersta v\u00e4rdegrund. Den som g\u00f6r oss till m\u00e4nniskor. Att inte f\u00f6rst\u00e5, att inte ta ansvar f\u00f6r och att inte inse vad som g\u00f6r oss till m\u00e4nniskor \u00e4r den m\u00f6rka sidans verktyg. De m\u00f6rka krafterna inom oss \u00e4r djuriska och saknar helt empati f\u00f6r medm\u00e4nniskor och omv\u00e4rld. Likt draken <a href=\"http:\/\/en.wikipedia.org\/wiki\/Smaug\">Smaug<\/a> i Tolkiens sagor, s\u00e5 st\u00e5r draken f\u00f6r det mest djuriska inom oss som alltid tr\u00e5nar efter det som \u00e4r v\u00e4rdefullt.<\/p>\n\n\n\n<p>Paralellt med den globala ekonomins snabba framv\u00e4xt har de goda krafterna hela tiden levt p\u00e5 f\u00f6rhoppningen att ju st\u00f6rre ekonomin blir desto sv\u00e5rare skall det bli f\u00f6r de m\u00f6rka krafterna att roffa \u00e5t sig. Men tekniken har utvecklats snabbt och utnyttjas maximalt av den m\u00f6rka sidan. Den globala ekonomin s\u00e5 som vi idag k\u00e4nner den har misslyckats. Korruptionen inom Vaticanbanken \u00e4r bara ett av m\u00e5nga bevis f\u00f6r detta.<br><\/p>\n\n\n\n<p>S\u00e5, finns det n\u00e5gon r\u00e4ddning och hur ser den d\u00e5 ut? Jo, den finns och \u00e4r den goda sidans svar som v\u00e4xer sig starkare f\u00f6r var dag: <strong>Bitcoin<\/strong>.<\/p>\n\n\n\n<div class=\"wp-block-image\"><figure class=\"alignright is-resized\"><img loading=\"lazy\" decoding=\"async\" src=\"https:\/\/lh4.googleusercontent.com\/vVfRP5wE7chqbO5G4BNlXDiLkNTk4V3zgAwR6MEArYHJuM4G0Yqq115-vwzFAF6dtDmS14JM1U_PMy253JPnd3eQ_Q4PVHj92X6T9bsLHvzY-D3nNLAgmc13_RgL7l9ZmH47hD3I\" alt=\"Bitcoin\" width=\"165\" height=\"220\"\/><\/figure><\/div>\n\n\n\n<p><em>&#8211; &#8221;Fr\u00e5n tidens begynnelse har m\u00e4nniskan handlat varor med varandra och har anv\u00e4nt pengar som medel f\u00f6r dessa varor &#8211; som en enklare form av utbyte. Dessa pengar har tagit formen av guld och silver, sn\u00e4ckskal, skuldebrev och staten utf\u00e4rdat juridisk valuta, f\u00f6r att n\u00e4mna n\u00e5gra. I samtliga av dessa fall har pengar f\u00f6rfalskats, lurats, blivit stulna och dess v\u00e4rde decimerats av inflationstaktik. Kungar gjorde det f\u00f6r att betala av krigsskulden, folk klippte bitar av guldmynt, v\u00e5gar har manipulerats, Federal Reserve uppfanns f\u00f6r att kontrollera valutan osv osv. Alla valutor innan Bitcoin har begr\u00e4nsats av de lagar och svagheter m\u00e4nniskan har. Men bitcoin begr\u00e4nsas av de universella lagar som matematiken utg\u00f6r.&#8221;<\/em> &#8211; \u00f6versatt stycke ifr\u00e5n denna artikel: <a href=\"http:\/\/www.cnbc.com\/id\/102253282\">CBNC &#8211; The real advantage of paying with Bitcoin<\/a>.Det kommer dock ta tid innan alla v\u00e4rldens marknader inser hur pass viktig och <a href=\"https:\/\/translate.google.com\/translate?sl=en&amp;tl=sv&amp;js=y&amp;prev=_t&amp;hl=sv&amp;ie=UTF-8&amp;u=http%3A%2F%2Fwww.forbes.com%2Fsites%2Fjohnmauldin%2F2014%2F12%2F23%2Fthe-5-phases-of-bitcoin-adoption%2F&amp;edit-text=\">revolutionerande<\/a> denna unika teknologi \u00e4r och de m\u00f6rka krafterna kommer <a href=\"https:\/\/www.bcoinnews.com\/mastercard-wrong-about-bitcoin\/\">k\u00e4mpa h\u00e5rt<\/a> f\u00f6r att bitcoin skall misslyckas. S\u00e5 tiden f\u00e5r utvisa hur det kommer bli. KognitionsKyrkan anser att denna teknologi \u00e4r s\u00e5 pass viktig att den \u00e4r v\u00e4rd att n\u00e4mna i \u00e5rets ny\u00e5rstal och som ny\u00e5rsl\u00f6fte s\u00e5 kommer vi axla ansvaret att informera och l\u00e4ra ut om bitcoin. Inom kort kommer en grundkurs i hur bitcoin fungerar att publiseras p\u00e5 websidan. (Updatering: <a href=\"http:\/\/www.kognitionskyrkan.nu\/1.0\/artiklar\/20-betraktelser\/82-bitcoin\">l\u00e4s mer h\u00e4r<\/a>).\n\n<\/p>\n\t\t","protected":false},"excerpt":{"rendered":"<p>Alla har n\u00e5gon g\u00e5ng gjort fel. Alla har n\u00e5gon g\u00e5ng fallit f\u00f6r frestelser. Alla har n\u00e5gon g\u00e5ng misslyckats i sin dygd. Kasta f\u00f6rsta stenen, du som \u00e4r fri fr\u00e5n skuld. Ja, ja&#8230; Vi k\u00e4nner alla till de gamla dammiga orden och deras betydelse. Inget nytt med dem. Men har de [&hellip;]<\/p>\n","protected":false},"author":1,"featured_media":0,"comment_status":"closed","ping_status":"closed","sticky":false,"template":"","format":"standard","meta":{"footnotes":""},"categories":[6],"tags":[15,47,76,93,214,264],"class_list":["post-1037","post","type-post","status-publish","format-standard","hentry","category-nyarstal","tag-15","tag-bitcoin","tag-ekonomi","tag-franciskus","tag-paven","tag-varde"],"_links":{"self":[{"href":"https:\/\/kognitionskyrkan.nu\/2.0\/wp-json\/wp\/v2\/posts\/1037","targetHints":{"allow":["GET"]}}],"collection":[{"href":"https:\/\/kognitionskyrkan.nu\/2.0\/wp-json\/wp\/v2\/posts"}],"about":[{"href":"https:\/\/kognitionskyrkan.nu\/2.0\/wp-json\/wp\/v2\/types\/post"}],"author":[{"embeddable":true,"href":"https:\/\/kognitionskyrkan.nu\/2.0\/wp-json\/wp\/v2\/users\/1"}],"replies":[{"embeddable":true,"href":"https:\/\/kognitionskyrkan.nu\/2.0\/wp-json\/wp\/v2\/comments?post=1037"}],"version-history":[{"count":0,"href":"https:\/\/kognitionskyrkan.nu\/2.0\/wp-json\/wp\/v2\/posts\/1037\/revisions"}],"wp:attachment":[{"href":"https:\/\/kognitionskyrkan.nu\/2.0\/wp-json\/wp\/v2\/media?parent=1037"}],"wp:term":[{"taxonomy":"category","embeddable":true,"href":"https:\/\/kognitionskyrkan.nu\/2.0\/wp-json\/wp\/v2\/categories?post=1037"},{"taxonomy":"post_tag","embeddable":true,"href":"https:\/\/kognitionskyrkan.nu\/2.0\/wp-json\/wp\/v2\/tags?post=1037"}],"curies":[{"name":"wp","href":"https:\/\/api.w.org\/{rel}","templated":true}]}}