{"id":1046,"date":"2012-01-13T10:43:29","date_gmt":"2012-01-13T09:43:29","guid":{"rendered":"https:\/\/www.kognitionskyrkan.nu\/2.0\/?p=1046"},"modified":"2012-01-13T10:43:29","modified_gmt":"2012-01-13T09:43:29","slug":"nyarstal-2012","status":"publish","type":"post","link":"https:\/\/kognitionskyrkan.nu\/2.0\/2012\/01\/13\/nyarstal-2012\/","title":{"rendered":"Ny\u00e5rstal 2012: &#8221;En ny tid stundar&#8221;"},"content":{"rendered":"\n\t\t\t\t\n<div class=\"wp-block-image\"><figure class=\"alignright is-resized\"><img loading=\"lazy\" decoding=\"async\" src=\"https:\/\/lh3.googleusercontent.com\/TIK6cegX0XDvoOug58vFCp1FvqTYs2R66KLQzToW8gT20_gOAvO7znznaeyT8lexFZ_C4919uEJJelbk9PVmNXAY2xW29BPfoeeX5OAJzQpS5PZBKRX9zhbyQe-_rwB51Sp78DKM\" alt=\"Mayakalendern\" width=\"260\" height=\"168\"\/><\/figure><\/div>\n\n\n\n<p>Mycket har h\u00e4nt under \u00e5ret som g\u00e5tt. Den stora m\u00e4ngden av oss anser nog tillochmed att: &#8221;f\u00f6r mycket har h\u00e4nt f\u00f6r att kunna ta in v\u00e4rldsl\u00e4get&#8221;. Ekonomin i v\u00e4rlden \u00e4r i gungning. Arabisk v\u00e5r, uppror och revolution tycks ske lite var stans. USA tycks vilja s\u00e4tta stopp f\u00f6r privatlivet p\u00e5 internet. Trygghet, tro p\u00e5 framtid och hederligt svenskt lugn och ro tycks bortbl\u00e5st. Skall det forts\u00e4tta s\u00e5 h\u00e4r?<\/p>\n\n\n\n<p>Nej, det kommer inte forts\u00e4tta s\u00e5 h\u00e4r. Men det kommer ta tid innan det v\u00e4nder. Det som sker i v\u00e4rlden \u00e4r att vi b\u00f6rjat s\u00e4ga ifr\u00e5n. Vi har f\u00e5tt nog av folk som utnyttjar system som \u00e4r \u00e4mnat hj\u00e4lpa dem som har det sv\u00e5rt. Vi har f\u00e5tt nog av folk som bryter mot lagen och vill f\u00e5 oss att anse att &#8221;alla g\u00f6r ju det, d\u00e4rf\u00f6r s\u00e5 spelar det ju ingen roll&#8221;. Visst, det kan l\u00e5ta enkelt. Men det \u00e4r enkelt, men perspektiven faller n\u00e4r man ser till massans storlek. Det har aldrig h\u00e4nt tidigare och d\u00e4rf\u00f6r h\u00e4nder allt samtidigt.<\/p>\n\n\n\n<p>F\u00f6reg\u00e5ende ny\u00e5rstal f\u00f6rutsp\u00e5dde 2011 som &#8221;lyckans \u00e5r&#8221;. Det kan vara sv\u00e5rt att se lyckan i \u00e5ret som g\u00e5tt. Men m\u00e5nga av oss har v\u00e4ntat p\u00e5 det som sker i v\u00e4rlden och &#8221;lyckans \u00e5r&#8221; kunde nog inte ha passat b\u00e4ttre, \u00e4ven om orden k\u00e4nns avl\u00e4gsna. De kommande m\u00e5naderna kommer vara omtumlande f\u00f6r oss alla. Vi som har det s\u00e5 bra, hur kommer det sig att alla v\u00e4rldens problem letar sig fram till oss? Nej, s\u00e5 skall vi inte t\u00e4nka i dessa tider. Problemen har alltid funnits d\u00e4r, vi har bara sopat dem under mattan. Men nu g\u00e5r det inte l\u00e4ngre.<\/p>\n\n\n\n<p>Om 2011 var &#8221;lyckans \u00e5r&#8221; s\u00e5 blir 2012 \u00e5ret d\u00e5 en ny tid stundade. Ett tungt \u00e5r f\u00f6r sinnet med m\u00e5nga fr\u00e5gor om meningen med livet och vad som \u00e4r v\u00e4rt kommer vi grubbla p\u00e5. Om Gud och religion \u00e4r svaret, vad \u00c4R d\u00e5 Gud och religion egentligen och hur n\u00e5 vi tillbaka till dem? Traditionellt t\u00e4nkande i dessa fr\u00e5gor \u00e4r lika f\u00f6rlegade som den tid som varit och lika mycket som vi beh\u00f6ver t\u00e4nka nytt i v\u00e5ra samh\u00e4llssystem, s\u00e5 beh\u00f6ver vi t\u00e4nka nytt i andliga fr\u00e5gor. 2012 kommer bli \u00e5ret d\u00e5 vi v\u00e5gade g\u00f6ra det.<\/p>\n\n\n\n<p>Vi tackar Gud f\u00f6r 2011 och v\u00e4lkomnar 2012: \u201dEn ny tid stundar\u201d<br><\/p>\n\t\t","protected":false},"excerpt":{"rendered":"<p>Mycket har h\u00e4nt under \u00e5ret som g\u00e5tt. Den stora m\u00e4ngden av oss anser nog tillochmed att: &#8221;f\u00f6r mycket har h\u00e4nt f\u00f6r att kunna ta in v\u00e4rldsl\u00e4get&#8221;. Ekonomin i v\u00e4rlden \u00e4r i gungning. Arabisk v\u00e5r, uppror och revolution tycks ske lite var stans. USA tycks vilja s\u00e4tta stopp f\u00f6r privatlivet p\u00e5 [&hellip;]<\/p>\n","protected":false},"author":1,"featured_media":0,"comment_status":"closed","ping_status":"closed","sticky":false,"template":"","format":"standard","meta":{"footnotes":""},"categories":[6],"tags":[13,197,219,224,262],"class_list":["post-1046","post","type-post","status-publish","format-standard","hentry","category-nyarstal","tag-13","tag-ny-tid","tag-privatliv","tag-revolution","tag-usa"],"_links":{"self":[{"href":"https:\/\/kognitionskyrkan.nu\/2.0\/wp-json\/wp\/v2\/posts\/1046","targetHints":{"allow":["GET"]}}],"collection":[{"href":"https:\/\/kognitionskyrkan.nu\/2.0\/wp-json\/wp\/v2\/posts"}],"about":[{"href":"https:\/\/kognitionskyrkan.nu\/2.0\/wp-json\/wp\/v2\/types\/post"}],"author":[{"embeddable":true,"href":"https:\/\/kognitionskyrkan.nu\/2.0\/wp-json\/wp\/v2\/users\/1"}],"replies":[{"embeddable":true,"href":"https:\/\/kognitionskyrkan.nu\/2.0\/wp-json\/wp\/v2\/comments?post=1046"}],"version-history":[{"count":0,"href":"https:\/\/kognitionskyrkan.nu\/2.0\/wp-json\/wp\/v2\/posts\/1046\/revisions"}],"wp:attachment":[{"href":"https:\/\/kognitionskyrkan.nu\/2.0\/wp-json\/wp\/v2\/media?parent=1046"}],"wp:term":[{"taxonomy":"category","embeddable":true,"href":"https:\/\/kognitionskyrkan.nu\/2.0\/wp-json\/wp\/v2\/categories?post=1046"},{"taxonomy":"post_tag","embeddable":true,"href":"https:\/\/kognitionskyrkan.nu\/2.0\/wp-json\/wp\/v2\/tags?post=1046"}],"curies":[{"name":"wp","href":"https:\/\/api.w.org\/{rel}","templated":true}]}}