{"id":1048,"date":"2011-01-13T10:47:53","date_gmt":"2011-01-13T09:47:53","guid":{"rendered":"https:\/\/www.kognitionskyrkan.nu\/2.0\/?p=1048"},"modified":"2011-01-13T10:47:53","modified_gmt":"2011-01-13T09:47:53","slug":"nyarstal-2011-valkommen-tillbaka-gud","status":"publish","type":"post","link":"https:\/\/kognitionskyrkan.nu\/2.0\/2011\/01\/13\/nyarstal-2011-valkommen-tillbaka-gud\/","title":{"rendered":"Ny\u00e5rstal 2011: \u201dV\u00e4lkommen tillbaka, Gud!\u201d"},"content":{"rendered":"\n\t\t\t\t\n<p>KognitionsKyrkans f\u00f6rsta \u00e5r blev ett \u00e5r d\u00e4r all fokus lades p\u00e5 hemsidans utformning och i det arbetet med kyrkans budskap och f\u00f6rkunnelser. Termen \u2019kognition\u2019 inom ramen f\u00f6r andlighet har nu enligt plan inmutats. De grundl\u00e4ggande dragen f\u00f6r Gudsdefinitionen \u00e4r lagda och f\u00f6rankrade i kyrkans grund, \u00e4ven om det arbetet i sig \u00e4r l\u00e5ngt ifr\u00e5n avslutat.<\/p>\n\n\n\n<div class=\"wp-block-image\"><figure class=\"alignright is-resized\"><img loading=\"lazy\" decoding=\"async\" src=\"https:\/\/lh5.googleusercontent.com\/37rlHqXsF4Lqzp8swFQuwapkqqStmPcrtWeLSJaX2fCHGoRSZJbSaFcl4PrLgASHvJJ3TlbzztX5xzPzs_-U0wfvHgkqkJ0q7APPhSeLpTpCSpvcvJ0VMvNrTKq9mTq2NMk88NUF\" alt=\"Wikileaks: Julian Assange\" width=\"242\" height=\"152\"\/><\/figure><\/div>\n\n\n\n<p>I framtidens historieb\u00f6cker kommer vi med all sannolikhet utl\u00e4sa att \u00e5r 2010 blev ett sanningens \u00e5r. Ett \u00e5r d\u00e5 m\u00f6rka och smutsiga bykar tv\u00e4ttades med sanningens ljus. \u00c5ret d\u00e5 Gud kom tillbaka. Wikileaks med dess l\u00e4ckor och boken \u201dDen motvillige Monarken\u201d \u00e4r bara tv\u00e5 exempel. Oavsett vems eller vilka agendor som ligger bakom dessa initiativ, s\u00e5 kan vi i dess k\u00f6lvatten f\u00f6rv\u00e4nta oss en renare och ljusare framtid, vilket \u00e4r beh\u00f6vligt d\u00e5 vi g\u00e5r mot ett allt mer uppkopplat, integrerat och systematiserat samh\u00e4lle. Gud finns med oss i detta och \u00e4r v\u00e5r gemensamma garanti f\u00f6r att missbruk av dessa system, p\u00e5 s\u00e5 v\u00e4l h\u00f6g som l\u00e5g niv\u00e5, minimeras.<\/p>\n\n\n\n<p>Om 2010 blev Sanningens \u00e5r, d\u00e4r vi kunde v\u00e4lkomna Gud tillbaka till v\u00e5r vardag, s\u00e5 tror vi att 2011 kommer bli ett lyckans \u00e5r. Ett \u00e5r d\u00e4r fr\u00e5gor som: \u201dVad \u00e4r lycka?\u201d och \u201dVad blir man lycklig av?\u201d kommer i fokus. I det kommer vi mest troligt se Victoria och Daniel som lyckliga f\u00f6r\u00e4ldrar.<\/p>\n\n\n\n<p>Vi tackar Gud f\u00f6r 2010 och v\u00e4lkomnar 2011: \u201dLyckans \u00e5r\u201d.<br><\/p>\n\t\t","protected":false},"excerpt":{"rendered":"<p>KognitionsKyrkans f\u00f6rsta \u00e5r blev ett \u00e5r d\u00e4r all fokus lades p\u00e5 hemsidans utformning och i det arbetet med kyrkans budskap och f\u00f6rkunnelser. Termen \u2019kognition\u2019 inom ramen f\u00f6r andlighet har nu enligt plan inmutats. De grundl\u00e4ggande dragen f\u00f6r Gudsdefinitionen \u00e4r lagda och f\u00f6rankrade i kyrkans grund, \u00e4ven om det arbetet i [&hellip;]<\/p>\n","protected":false},"author":1,"featured_media":0,"comment_status":"closed","ping_status":"closed","sticky":false,"template":"","format":"standard","meta":{"footnotes":""},"categories":[6],"tags":[12,41,147,169,278],"class_list":["post-1048","post","type-post","status-publish","format-standard","hentry","category-nyarstal","tag-12","tag-assange","tag-kognition","tag-lycka","tag-wikileaks"],"_links":{"self":[{"href":"https:\/\/kognitionskyrkan.nu\/2.0\/wp-json\/wp\/v2\/posts\/1048","targetHints":{"allow":["GET"]}}],"collection":[{"href":"https:\/\/kognitionskyrkan.nu\/2.0\/wp-json\/wp\/v2\/posts"}],"about":[{"href":"https:\/\/kognitionskyrkan.nu\/2.0\/wp-json\/wp\/v2\/types\/post"}],"author":[{"embeddable":true,"href":"https:\/\/kognitionskyrkan.nu\/2.0\/wp-json\/wp\/v2\/users\/1"}],"replies":[{"embeddable":true,"href":"https:\/\/kognitionskyrkan.nu\/2.0\/wp-json\/wp\/v2\/comments?post=1048"}],"version-history":[{"count":0,"href":"https:\/\/kognitionskyrkan.nu\/2.0\/wp-json\/wp\/v2\/posts\/1048\/revisions"}],"wp:attachment":[{"href":"https:\/\/kognitionskyrkan.nu\/2.0\/wp-json\/wp\/v2\/media?parent=1048"}],"wp:term":[{"taxonomy":"category","embeddable":true,"href":"https:\/\/kognitionskyrkan.nu\/2.0\/wp-json\/wp\/v2\/categories?post=1048"},{"taxonomy":"post_tag","embeddable":true,"href":"https:\/\/kognitionskyrkan.nu\/2.0\/wp-json\/wp\/v2\/tags?post=1048"}],"curies":[{"name":"wp","href":"https:\/\/api.w.org\/{rel}","templated":true}]}}