{"id":1051,"date":"2010-01-13T10:52:27","date_gmt":"2010-01-13T09:52:27","guid":{"rendered":"https:\/\/www.kognitionskyrkan.nu\/2.0\/?p=1051"},"modified":"2010-01-13T10:52:27","modified_gmt":"2010-01-13T09:52:27","slug":"nyarstal-2010-aret-vi-far-kontakt","status":"publish","type":"post","link":"https:\/\/kognitionskyrkan.nu\/2.0\/2010\/01\/13\/nyarstal-2010-aret-vi-far-kontakt\/","title":{"rendered":"Ny\u00e5rstal 2010: &#8221;\u00c5ret vi f\u00e5r kontakt&#8221;"},"content":{"rendered":"\n\t\t\t\t\n<div class=\"wp-block-image\"><figure class=\"aligncenter is-resized\"><img loading=\"lazy\" decoding=\"async\" src=\"https:\/\/new.kognitionskyrkan.nu\/2.0\/wp-content\/uploads\/2021\/01\/dn20100101.jpg\" alt=\"\" class=\"wp-image-1181\" width=\"146\" height=\"195\" srcset=\"https:\/\/kognitionskyrkan.nu\/2.0\/wp-content\/uploads\/2021\/01\/dn20100101.jpg 1209w, https:\/\/kognitionskyrkan.nu\/2.0\/wp-content\/uploads\/2021\/01\/dn20100101-223x300.jpg 223w, https:\/\/kognitionskyrkan.nu\/2.0\/wp-content\/uploads\/2021\/01\/dn20100101-763x1024.jpg 763w, https:\/\/kognitionskyrkan.nu\/2.0\/wp-content\/uploads\/2021\/01\/dn20100101-768x1031.jpg 768w, https:\/\/kognitionskyrkan.nu\/2.0\/wp-content\/uploads\/2021\/01\/dn20100101-1144x1536.jpg 1144w\" sizes=\"auto, (max-width: 146px) 100vw, 146px\" \/><figcaption>DN 1:a jan 2010<\/figcaption><\/figure><\/div>\n\n\n\n<p><em>Det \u00e4r den 25:e oktober 2009 och jag ligger med slutna \u00f6gon p\u00e5 botten av en 4500 \u00e5r gammal sarkofag. Jag \u00e4r ensam inne farao <\/em><a href=\"http:\/\/sv.wikipedia.org\/wiki\/Special:Search\/Chefren\"><em>Chefren<\/em><\/a><em>&#8217;s kungskammare i den mellersta av de tre pyramidera vid Giza. Jag, en kontorskille fr\u00e5n Svedala ligger d\u00e4r l\u00e5ngt ifr\u00e5n hemmets trygga vr\u00e5 och t\u00e4nker. Det var ett &#8221;Go&#8221; eller &#8221;No Go&#8221; tecken jag s\u00f6kte efter n\u00e4r jag gav mig iv\u00e4g p\u00e5 detta \u00e4ventyr och jag har nog precis f\u00e5tt det med r\u00e5ge. &#8221;Go, go, go&#8221;.<\/em><\/p>\n\n\n\n<div class=\"wp-block-image\"><figure class=\"alignright is-resized\"><img loading=\"lazy\" decoding=\"async\" src=\"https:\/\/lh5.googleusercontent.com\/oAH8LBNXvnw7RhHRrlts3kkyMXCv1Ohr5XO_wHeyad_AMgJFKVFgYWsSQHBVjAHnj9Nv6AWiVqzvDJqpuCHTDhm1OXm3N0HU1EXzkmGr92qnz2y788AvY_PMzmHz75UTWJxFLE9s\" alt=\"Pyramid\" width=\"182\" height=\"124\"\/><\/figure><\/div>\n\n\n\n<p><em>Kort d\u00e4refter h\u00f6r jag hur min nyvunne Katolske v\u00e4n ifr\u00e5n Cuba precis har gjort sin entr\u00e9 i kungarummet. Jag hoppar upp ur sarkofagen, ropar &#8221;buuuh&#8221; och skrattar. Hon tycker inte det \u00e4r lika roligt, utan p\u00e5pekar att jag inte skall st\u00f6ra de gamla kungarnas boningar. Hennes tatueringar av heliga texter tillsammans med kraftfulla symboler ifr\u00e5n flertalet k\u00e4nda andliga r\u00f6relser inger respekt och inom mig st\u00e4ller jag fr\u00e5gan: &#8211; Hur hamnade jag h\u00e4r, egentligen?<\/em><\/p>\n\n\n\n<h2 class=\"wp-block-heading\"><strong>Kognitionskyrkan<\/strong><\/h2>\n\n\n\n<div class=\"wp-block-image\"><figure class=\"alignright is-resized\"><img loading=\"lazy\" decoding=\"async\" src=\"https:\/\/lh4.googleusercontent.com\/IQvRtP1WKnTaBWLyjtFJQy3zXqiFK8e-1whlVYEFWyZjK_0pXTUyRkWRkv0GHnSDDxzdHaOI2h9e0xGEsKKuTiOgLQPuVmUgd1GVfWaVrxCEOih_HPOibAkzwiz7Wd0ZU6Q7ibFw\" alt=\"2010\" width=\"174\" height=\"220\"\/><\/figure><\/div>\n\n\n\n<p>Det \u00e4r en l\u00e5\u00e5ng historia som i kort kan beskrivas s\u00e5 h\u00e4r: N\u00e4r jag sj\u00e4lv fick barn, s\u00e5 gick det upp f\u00f6r mig att jag \u00e4r ansvarig f\u00f6r deras uppv\u00e4xt och grundkunskap. Eftersom mina f\u00f6r\u00e4ldrar eller min omgivning aldrig erbj\u00f6d n\u00e5gra vettiga f\u00f6rklaringar p\u00e5 de stora fr\u00e5gorna kring religion och Gud, s\u00e5 ins\u00e5g jag att jag ej kan l\u00e4mna efter mig samma misstag.&nbsp; Jag beh\u00f6vde ha n\u00e5got vettigt att svara n\u00e4r de b\u00f6rjar st\u00e4lla sina fr\u00e5gor. Vad de sedan v\u00e4ljer att tro p\u00e5 \u00e4r deras ensak, sj\u00e4lvklart. Efter ca 8 \u00e5rs gr\u00e4vande, s\u00e5 &#8221;f\u00f6ddes&#8221; idag KognitionsKyrkan den 1:a januari <strong>2010 &#8211; <\/strong><em><strong>&#8221;\u00c5ret vi f\u00e5r kontakt&#8221;<\/strong><\/em> &#8211; med h\u00e4nvisning till det gamla Rymdeposet med samma namn. Det k\u00e4nns som en l\u00e4ttnad att sj\u00e4lva ryggraden \u00e4r p\u00e5 plats. Nu kan jag i lugnan ro fylla p\u00e5 med inneh\u00e5llet. Jag utlovar att sj\u00e4lva hj\u00e4rtat i kyrkan kommer levereras den 19:e juni 2010, vilket inkluderar s\u00e5 v\u00e4l hur jag fann Gud, relationen till Gud, synen p\u00e5 Gud, varf\u00f6r jag skapade en kyrka och planen f\u00f6r dess framtid.<\/p>\n\n\n\n<p>Jag var ateist, otroende eller vad det nu kan kallas, men fann Gud i mitt s\u00f6kande och kommer via denna sida f\u00f6rklara i detalj hur &#8211; samt inte till. Hav t\u00e5lamod, du kommer f\u00f6rst\u00e5. GUD \u00e4r inte n\u00e5got \u00f6vernaturligt v\u00e4sen eller en gubbe bland molnen. <\/p>\n\n\n\n<p><em>Hoppas du \u00e4r med&#8230; Det en intressant resa utlovas&#8230;<\/em><\/p>\n\n\n\n<p style=\"text-align:center\"><em><a href=\"\/2.0\/2010\/01\/01\/del-1-vardebas\/\">Klicka h\u00e4r f\u00f6r att l\u00e4sa del 1<\/a><\/em><\/p>\n\t\t","protected":false},"excerpt":{"rendered":"<p>Det \u00e4r den 25:e oktober 2009 och jag ligger med slutna \u00f6gon p\u00e5 botten av en 4500 \u00e5r gammal sarkofag. Jag \u00e4r ensam inne farao Chefren&#8217;s kungskammare i den mellersta av de tre pyramidera vid Giza. Jag, en kontorskille fr\u00e5n Svedala ligger d\u00e4r l\u00e5ngt ifr\u00e5n hemmets trygga vr\u00e5 och t\u00e4nker. [&hellip;]<\/p>\n","protected":false},"author":1,"featured_media":0,"comment_status":"closed","ping_status":"closed","sticky":false,"template":"","format":"standard","meta":{"footnotes":""},"categories":[6],"tags":[10,11,101,113,148,153],"class_list":["post-1051","post","type-post","status-publish","format-standard","hentry","category-nyarstal","tag-10","tag-11","tag-giza","tag-gudfinns","tag-kognitionskyrkan","tag-kontakt"],"_links":{"self":[{"href":"https:\/\/kognitionskyrkan.nu\/2.0\/wp-json\/wp\/v2\/posts\/1051","targetHints":{"allow":["GET"]}}],"collection":[{"href":"https:\/\/kognitionskyrkan.nu\/2.0\/wp-json\/wp\/v2\/posts"}],"about":[{"href":"https:\/\/kognitionskyrkan.nu\/2.0\/wp-json\/wp\/v2\/types\/post"}],"author":[{"embeddable":true,"href":"https:\/\/kognitionskyrkan.nu\/2.0\/wp-json\/wp\/v2\/users\/1"}],"replies":[{"embeddable":true,"href":"https:\/\/kognitionskyrkan.nu\/2.0\/wp-json\/wp\/v2\/comments?post=1051"}],"version-history":[{"count":0,"href":"https:\/\/kognitionskyrkan.nu\/2.0\/wp-json\/wp\/v2\/posts\/1051\/revisions"}],"wp:attachment":[{"href":"https:\/\/kognitionskyrkan.nu\/2.0\/wp-json\/wp\/v2\/media?parent=1051"}],"wp:term":[{"taxonomy":"category","embeddable":true,"href":"https:\/\/kognitionskyrkan.nu\/2.0\/wp-json\/wp\/v2\/categories?post=1051"},{"taxonomy":"post_tag","embeddable":true,"href":"https:\/\/kognitionskyrkan.nu\/2.0\/wp-json\/wp\/v2\/tags?post=1051"}],"curies":[{"name":"wp","href":"https:\/\/api.w.org\/{rel}","templated":true}]}}