{"id":1096,"date":"2011-02-26T09:16:46","date_gmt":"2011-02-26T08:16:46","guid":{"rendered":"https:\/\/www.kognitionskyrkan.nu\/2.0\/?p=1096"},"modified":"2011-02-26T09:16:46","modified_gmt":"2011-02-26T08:16:46","slug":"samtal-med-gud","status":"publish","type":"post","link":"https:\/\/kognitionskyrkan.nu\/2.0\/2011\/02\/26\/samtal-med-gud\/","title":{"rendered":"Samtal med Gud"},"content":{"rendered":"\n\t\t\t\t\n<p>\u00c4r texterna om Gud intressanta, men sv\u00e5ra att ta till sig genom att l\u00e4sa p\u00e5 en hemsida? KognitionsKyrkan f\u00f6rst\u00e5r dig och vill givetvis g\u00f6ra allt f\u00f6r att du skall kunna ta till dig visheten i texterna p\u00e5 b\u00e4sta s\u00e4tt. Tyv\u00e4rr \u00e4r det sv\u00e5rt att f\u00e5 till detta, d\u00e5 resurserna \u00e4r begr\u00e4nsade och ingen fysisk kyrka \u00e4nnu finns att anv\u00e4nda.<\/p>\n\n\n\n<div class=\"wp-block-image\"><figure class=\"alignright\"><img decoding=\"async\" src=\"https:\/\/lh3.googleusercontent.com\/yBc4aHN6cpTQPWc1QVxZRU5I_bVsaJjjMVgeDLtcbIjrqXrq5GEwiQGCkIeDm3k7HXpOzRxWHHCd-RJuaw8oWSMfN3lb020HvKEagVhmYyQSjE8bpkcb73dapcyfB-i3NQHzKyaz\" alt=\"Gruppen\"\/><\/figure><\/div>\n\n\n\n<p>Men h\u00e4rmer erbjuds du\/ni m\u00f6jligheten att bjuda in en <a href=\"http:\/\/kognitionskyrkan.nu\/forkunnelser\/14-symbolik\/32-gurun\">Guru<\/a> p\u00e5 ett tre timmar samtal. Ett samtal som kan ge ett nytt djup i din och dina v\u00e4nners inb\u00f6rdes dialog. Ett samtal som kan sprida nytt ljus i en f\u00f6rsamling som kanske haft sv\u00e5rt att finna en dialog som tilltalar sina medlemmar. Ett samtal som skulle kunna f\u00e5 en stapplande tro p\u00e5 benen igen. Ett samtal som kan ge \u00f6kad f\u00f6rst\u00e5else f\u00f6r religion och andliglighet i allm\u00e4nhet. Ett samtal som kan bryta ned religi\u00f6sa barri\u00e4rer och bygga andliga broar.<\/p>\n\n\n\n<p>Att motverka andlig oh\u00e4lsa och religi\u00f6st utanf\u00f6rskap genom att f\u00f6reg\u00e5 som ett v\u00e4lkomnande gott exempel \u00e4r <a href=\"http:\/\/kognitionskyrkan.nu\/1.0\/information\/2-allmaent\/61-goal-and-method\">kognitionskyrkans mantra<\/a>. Det \u00e4r i f\u00f6rst\u00e5elsen f\u00f6r Gud&#8217;s sanna entitet som andlig h\u00e4lsa och religi\u00f6s samh\u00f6righet, har sin rot.<\/p>\n\n\n\n<h3 class=\"wp-block-heading\"><strong>F\u00f6ruts\u00e4ttningar f\u00f6r samtalet?<\/strong><\/h3>\n\n\n\n<p>Motivet till inbjudan skall vara seri\u00f6st. Samtalet sker endast i m\u00e5n av tid med max 10 personer i gruppen. Inbjudan skall inneh\u00e5lla motivering, samt beskrivning av de som kommer n\u00e4rvara i samtalet. Inbjudan skall inneh\u00e5lla minst tre datum som ligger minst en m\u00e5nad fram i tiden. Rekommenderad tid \u00e4r 18.00-21.00 vardagar.<\/p>\n\n\n\n<h3 class=\"wp-block-heading\"><strong>F\u00f6rberedelser inf\u00f6r samtalet.<\/strong><\/h3>\n\n\n\n<p>Inf\u00f6r samtalet skall deltagarna f\u00f6r sig eller i grupp f\u00f6rbereda 1-2 fr\u00e5gest\u00e4llningar per person r\u00f6rande Gud eller relaterat till Gud. Det kan ske helt anonymt inom s\u00e5 v\u00e4l gruppen som j\u00e4mt emot samtalsh\u00e5llaren (Roberth). Fr\u00e5gest\u00e4llningarna kan vara anonyma om s\u00e5 \u00f6nskas. N\u00e5gra typiska fr\u00e5gest\u00e4llningar kan vara formulerade till exempel s\u00e5h\u00e4r:<\/p>\n\n\n\n<ul class=\"wp-block-list\"><li><em>&#8211; &#8221;Om jag tror p\u00e5 Gud, vad tror jag egentligen p\u00e5?&#8221;<\/em><\/li><li><em>&#8211; &#8221;Om Gud \u00e4r allt igenom god, varf\u00f6r finns det ont i v\u00e4rlden?&#8221;<\/em><\/li><li><em>&#8211; &#8221;Det s\u00e4gs att Gud \u00e4r sanningen, men p\u00e5 vad sett \u00e4r han det?&#8221;<\/em><\/li><li><em>&#8211; &#8221;Vad \u00e4r himlen och hur vet jag om mina d\u00f6da sl\u00e4ktingar \u00e4r d\u00e4r?&#8221;<\/em><\/li><li><em>&#8211; &#8221;Finns dj\u00e4vulen och skall man vara r\u00e4dd f\u00f6r honom i s\u00e5 fall?&#8221;<\/em><\/li><li><em>&#8211; &#8221;Finns \u00e4nglar, demoner och allt som religionerna beskriver?&#8221;<\/em><\/li><li><em>&#8211; &#8230;<\/em><\/li><\/ul>\n\n\n\n<p>Det \u00e4r \u00f6nskat, men inget krav, att dessa fr\u00e5gest\u00e4llningar bifogas i inbjudan. Det underl\u00e4ttar f\u00f6rberedelserna inf\u00f6r samtalet.<\/p>\n\n\n\n<h3 class=\"wp-block-heading\"><strong>Vad kommer samtalet ge?<\/strong><\/h3>\n\n\n\n<p>Samtalet&#8217;s m\u00e5l \u00e4r att deltagarna efter samtalet skall kunna s\u00e4ga att de b\u00e5de kan &#8221;se&#8221;, &#8221;f\u00f6rst\u00e5&#8221; och &#8221;tala&#8221; med Gud. Det inkluderar en vishet, vars grund andlig h\u00e4lsa och religi\u00f6s samh\u00f6righet bygger p\u00e5 och vars kraft byggde <a href=\"http:\/\/kognitionskyrkan.nu\/1.0\/information\/19-nyarstal\/26-2010\">pyramiderna<\/a> en g\u00e5ng i tiden. En spr\u00e5ngbr\u00e4da som f\u00e5r deltagarna att hantera sina egna andliga och religi\u00f6sa insikter p\u00e5 ett mer rationellt s\u00e4tt.<\/p>\n\n\n\n<h3 class=\"wp-block-heading\"><strong>Hur g\u00e5r samtalet till?<\/strong><\/h3>\n\n\n\n<p>Samtalet f\u00f6ljer KognitionsKyrkans syn p\u00e5 <a href=\"\/2.0\/2010\/11\/21\/treenigheten\/\">treenigheten<\/a>.<\/p>\n\n\n\n<p><strong>1:a timmen<\/strong> (<a href=\"http:\/\/kognitionskyrkan.nu\/1.0\/forkunnelser\/14-symbolik\/46-del-13-gud-den-allseende\">Fadern<\/a>) \u00e4gnas till att l\u00e4ra k\u00e4nna varandra, g\u00e5 igenom och klarg\u00f6ra f\u00f6rberedda fr\u00e5gest\u00e4llningar om Gud (exempel: <a href=\"http:\/\/sv.wikipedia.org\/wiki\/Special:Search\/Teodic%C3%A9problemet\">Teodic\u00e9problemet<\/a>, el likn).<\/p>\n\n\n\n<p><strong>2:a timmen<\/strong> (<a href=\"http:\/\/kognitionskyrkan.nu\/1.0\/forkunnelser\/14-symbolik\/47-del-14-gud-den-allsmaektige\">Anden<\/a>) g\u00e5r vi igenom lite historiska referenser, s\u00e5 som: <a href=\"http:\/\/sv.wikipedia.org\/wiki\/Special:Search\/Ptah\">Ptah<\/a>, <a href=\"http:\/\/sv.wikipedia.org\/wiki\/Special:Search\/Freud\">Freud<\/a>, <a href=\"http:\/\/sv.wikipedia.org\/wiki\/Special:Search\/Platon\">Platons<\/a> <a href=\"http:\/\/sv.wikipedia.org\/wiki\/Special:Search\/Platons%20grottliknelse\">grottliknelse<\/a>, <a href=\"http:\/\/sv.wikipedia.org\/wiki\/Special:Search\/Sokrates\">Sokrates<\/a> <a href=\"http:\/\/sv.wikipedia.org\/wiki\/Special:Search\/Id%C3%A9l%C3%A4ra\">Id\u00e9\/sinnev\u00e4rld<\/a>, <a href=\"http:\/\/sv.wikipedia.org\/wiki\/Special:Search\/Descartes\">Descartes<\/a> <a href=\"http:\/\/sv.wikipedia.org\/wiki\/Special:Search\/Cogito,%20ergo%20sum\">Cogito, ergo sum<\/a> samt givetvis KognitionsKyrkans syn p\u00e5 Gud i allm\u00e4nhet.<\/p>\n\n\n\n<p><strong>3:e timmen<\/strong> (<a href=\"http:\/\/kognitionskyrkan.nu\/1.0\/forkunnelser\/14-symbolik\/48-del-15-gud-den-outgrunderlige\">Sonen<\/a>) s\u00e5 anv\u00e4nder vi andra timmens l\u00e4rdommar att f\u00f6rklara f\u00f6rsta timmens fr\u00e5gest\u00e4llningar.<\/p>\n\n\n\n<h3 class=\"wp-block-heading\"><strong>Kostnad:<\/strong><\/h3>\n\n\n\n<p>Samtalet \u00e4r ur ett ekonomiskt perspektiv helt gratis. KognitionsKyrkans f\u00f6rkunnelser st\u00e5r \u00f6ver pengar, vars v\u00e4rde endast \u00e4r representativt. En seri\u00f6s f\u00f6rh\u00e5llning, ett djupt intresse och sann \u00e4rlighet, s\u00e5 v\u00e4l possitiv som negativ, \u00e4r vad som v\u00e4rderas. Samtalet i sig \u00e4r betalningen. Om det inte r\u00e4cker, s\u00e5 har deltagarna m\u00f6jlighet att g\u00f6ra en donation som st\u00e5r i relation till vad de anser samtalet vara v\u00e4rt ur ett ekonomiskt perspektiv.<\/p>\n\n\n\n<p>Eventuella resor och logi bekostas enligt \u00f6.k.<\/p>\n\n\n\n<h3 class=\"wp-block-heading\"><strong>Sekretess<\/strong><\/h3>\n\n\n\n<p>\u00d6nskem\u00e5l om sekretess\/tystnadsplikt beviljas enligt \u00f6.k.<\/p>\n\n\n\n<h3 class=\"wp-block-heading\">Anpassade samtal<\/h3>\n\n\n\n<p>Samtal om Gud gynnar alla p\u00e5 olika s\u00e4tt. De s\u00e5 kallade anpassade samtalen har utformats f\u00f6r specifika m\u00e5lgrupper. Uppl\u00e4gget \u00e4r detsamma som ovan, men utg\u00e5ngsl\u00e4get samt f\u00f6rh\u00e5llningss\u00e4ttet skiljer. Bland de anpassade samtalen finns f\u00f6r:<\/p>\n\n\n\n<ul class=\"wp-block-list\"><li><a rel=\"noreferrer noopener\" aria-label=\" (\u00f6ppnas i en ny flik)\" href=\"\/2.0\/wp-content\/uploads\/2021\/01\/kbtsmg.pdf\" target=\"_blank\">KBT terapeuter<\/a><\/li><li><a rel=\"noreferrer noopener\" aria-label=\" (\u00f6ppnas i en ny flik)\" href=\"\/2.0\/wp-content\/uploads\/2021\/01\/sogfa.pdf\" target=\"_blank\">Ateister<\/a><\/li><li><a rel=\"noreferrer noopener\" aria-label=\" (\u00f6ppnas i en ny flik)\" href=\"\/2.0\/wp-content\/uploads\/2021\/01\/smgfp.pdf\" target=\"_blank\">Pr\u00e4ster<\/a><\/li><li><a rel=\"noreferrer noopener\" aria-label=\" (\u00f6ppnas i en ny flik)\" href=\"\/2.0\/wp-content\/uploads\/2021\/01\/smgfcl.pdf\" target=\"_blank\">Chefer &amp; Ledare<\/a><\/li><li><a rel=\"noreferrer noopener\" aria-label=\" (\u00f6ppnas i en ny flik)\" href=\"\/2.0\/wp-content\/uploads\/2021\/01\/sogfk.pdf\" target=\"_blank\">K\u00e4ndisar<\/a><\/li><li><a rel=\"noreferrer noopener\" aria-label=\" (\u00f6ppnas i en ny flik)\" href=\"\/2.0\/wp-content\/uploads\/2021\/01\/sodvil.pdf\" target=\"_blank\">F\u00f6r de som s\u00f6ker &#8217;det viktiga i livet&#8217;<\/a><\/li><li><a rel=\"noreferrer noopener\" aria-label=\" (\u00f6ppnas i en ny flik)\" href=\"\/2.0\/wp-content\/uploads\/2021\/01\/sob.pdf\" target=\"_blank\">Om Bitcoin, f\u00f6r en b\u00e4ttre framtid<\/a><\/li><\/ul>\n\n\n\n<h3 class=\"wp-block-heading\"><strong>Inbjudan<\/strong><\/h3>\n\n\n\n<p>Inbjudan till samtal skickas via kontaktformul\u00e4ret inkluderat motivation om varf\u00f6r samtal \u00f6nskas. Oseri\u00f6sa inbjudningar besvaras ej.<br><\/p>\n\t\t","protected":false},"excerpt":{"rendered":"<p>\u00c4r texterna om Gud intressanta, men sv\u00e5ra att ta till sig genom att l\u00e4sa p\u00e5 en hemsida? KognitionsKyrkan f\u00f6rst\u00e5r dig och vill givetvis g\u00f6ra allt f\u00f6r att du skall kunna ta till dig visheten i texterna p\u00e5 b\u00e4sta s\u00e4tt. Tyv\u00e4rr \u00e4r det sv\u00e5rt att f\u00e5 till detta, d\u00e5 resurserna \u00e4r [&hellip;]<\/p>\n","protected":false},"author":1,"featured_media":0,"comment_status":"closed","ping_status":"closed","sticky":false,"template":"","format":"standard","meta":{"footnotes":""},"categories":[8],"tags":[43,47,50,92,112,134,142,144,229,258,273],"class_list":["post-1096","post","type-post","status-publish","format-standard","hentry","category-samtal","tag-ateism","tag-bitcoin","tag-chef","tag-framtiden","tag-gud","tag-insikt","tag-kandis","tag-kbt","tag-samtalet","tag-tystnadsplikt","tag-vishet"],"_links":{"self":[{"href":"https:\/\/kognitionskyrkan.nu\/2.0\/wp-json\/wp\/v2\/posts\/1096","targetHints":{"allow":["GET"]}}],"collection":[{"href":"https:\/\/kognitionskyrkan.nu\/2.0\/wp-json\/wp\/v2\/posts"}],"about":[{"href":"https:\/\/kognitionskyrkan.nu\/2.0\/wp-json\/wp\/v2\/types\/post"}],"author":[{"embeddable":true,"href":"https:\/\/kognitionskyrkan.nu\/2.0\/wp-json\/wp\/v2\/users\/1"}],"replies":[{"embeddable":true,"href":"https:\/\/kognitionskyrkan.nu\/2.0\/wp-json\/wp\/v2\/comments?post=1096"}],"version-history":[{"count":0,"href":"https:\/\/kognitionskyrkan.nu\/2.0\/wp-json\/wp\/v2\/posts\/1096\/revisions"}],"wp:attachment":[{"href":"https:\/\/kognitionskyrkan.nu\/2.0\/wp-json\/wp\/v2\/media?parent=1096"}],"wp:term":[{"taxonomy":"category","embeddable":true,"href":"https:\/\/kognitionskyrkan.nu\/2.0\/wp-json\/wp\/v2\/categories?post=1096"},{"taxonomy":"post_tag","embeddable":true,"href":"https:\/\/kognitionskyrkan.nu\/2.0\/wp-json\/wp\/v2\/tags?post=1096"}],"curies":[{"name":"wp","href":"https:\/\/api.w.org\/{rel}","templated":true}]}}