{"id":1117,"date":"2011-11-14T10:10:56","date_gmt":"2011-11-14T09:10:56","guid":{"rendered":"https:\/\/www.kognitionskyrkan.nu\/2.0\/?p=1117"},"modified":"2011-11-14T10:10:56","modified_gmt":"2011-11-14T09:10:56","slug":"sagt-om","status":"publish","type":"post","link":"https:\/\/kognitionskyrkan.nu\/2.0\/2011\/11\/14\/sagt-om\/","title":{"rendered":"Sagt om&#8230;"},"content":{"rendered":"\n\t\t\t\t\n<p>H\u00e4r f\u00f6ljer en samling kommentarer p\u00e5 Kognitionskyrkans f\u00f6rkunnelser emottagna via hemsidan, deltagande p\u00e5 evenemang, p\u00e5 forum, <a href=\"\/2.0\/2011\/02\/26\/samtal-med-gud\/\">i samtal<\/a> eller liknande. <\/p>\n\n\n\n<div class=\"wp-block-image\"><figure class=\"aligncenter is-resized\"><img loading=\"lazy\" decoding=\"async\" src=\"https:\/\/new.kognitionskyrkan.nu\/2.0\/wp-content\/uploads\/2021\/01\/enligt.jpg\" alt=\"\" class=\"wp-image-1129\" width=\"330\" height=\"198\" srcset=\"https:\/\/kognitionskyrkan.nu\/2.0\/wp-content\/uploads\/2021\/01\/enligt.jpg 1405w, https:\/\/kognitionskyrkan.nu\/2.0\/wp-content\/uploads\/2021\/01\/enligt-300x180.jpg 300w, https:\/\/kognitionskyrkan.nu\/2.0\/wp-content\/uploads\/2021\/01\/enligt-1024x614.jpg 1024w, https:\/\/kognitionskyrkan.nu\/2.0\/wp-content\/uploads\/2021\/01\/enligt-768x461.jpg 768w\" sizes=\"auto, (max-width: 330px) 100vw, 330px\" \/><\/figure><\/div>\n\n\n\n<blockquote style=\"text-align:left\" class=\"wp-block-quote is-layout-flow wp-block-quote-is-layout-flow\"><p><em>&#8211; &#8221;Jag \u00e4r uppvuxen i en traditionell frikyrka som jag senare i livet hamnade i konflikt med p\u00e5 en l\u00e5ng rad omr\u00e5den. Eftersom f\u00f6rsamlingen var av fundamentalistisk karakt\u00e4r d\u00e4r dogmer och trossatser blev viktigare \u00e4n livet sj\u00e4lvt, s\u00e5 blev det helt enkelt f\u00f6r tr\u00e5ngt rent intellektuellt n\u00e4r kritiskt t\u00e4nkande ans\u00e5gs vara k\u00e4ttiskt. Jag l\u00e4mnade f\u00f6rsamlingen och var pl\u00f6tsligt \u201dheml\u00f6s\u201d med mina existentiella fr\u00e5gest\u00e4llningar. Jag tog min tillflykt till b\u00f6ckernas v\u00e4rld d\u00e4r mitt s\u00f6kande fortsatte efter alternativa svar p\u00e5 min andliga n\u00f6d. Jag f\u00f6rstod till slut att man kunde f\u00f6rst\u00e5 dessa skrifter utifr\u00e5n andra premisser \u00e4n vad jag tidigare hade f\u00e5tt mig till livs i min ungdom. Jag ville inte kasta ut barnet med badvattnet d\u00e4rf\u00f6r jag f\u00f6rstod n\u00e5gonstans att religionen kan fylla en viktig funktion om den blir r\u00e4tt f\u00f6rst\u00e5dd. Tyv\u00e4rr finns det en of\u00f6rdragsamhet bland troende inf\u00f6r andra syns\u00e4tt som inte \u00f6verensst\u00e4mmer med den traditionella. Men till slut hittade jag en liten grupp troende lekm\u00e4n i ett litet kapell d\u00e4r tr\u00f6sklarna var l\u00e5ga och d\u00e4r man fick tro p\u00e5 entiteten Gud, s\u00e5som man sj\u00e4lv uppfattade det. Detta till trots, drogs jag mer och mer till en agnostisk ateistisk h\u00e5llning, d\u00e4rf\u00f6r att jag upplevde det anstr\u00e4ngt n\u00e4r de troende n\u00e4rmade sig entiteten Gud som till en antropomorf \u00f6vernaturligt v\u00e4sen. Jag \u00e4r fortfarande en del av denna lilla samling p\u00e5 grund av den v\u00e4rme och k\u00e4rlek som jag \u00e4nd\u00e5 upplever finns d\u00e4r. <br> Titt som t\u00e4tt \u00e4r jag ute p\u00e5 n\u00e4tet och medverkar i diverse diskussionsforum. P\u00e5 ett utav dessa forum fanns en l\u00e4nk till n\u00e5got som kallades kognitionskyrkan. Sj\u00e4lvklart v\u00e4ckte detta mitt intresse \u00e4ven om jag till en b\u00f6rjan var enormt skeptisk. Till slut tog jag mig tid att l\u00e4sa och uppt\u00e4ckte till min f\u00f6rv\u00e5ning ett substantiellt, men inte okontroversiellt syns\u00e4tt, p\u00e5 entiteten Gud. Upprinnelsen till denna Gudstes var att denne (\u201dskaparen\u201d till denna Gudstes) ville, till skillnad fr\u00e5n sina f\u00f6r\u00e4ldrar, kunna svara sina barn om fr\u00e5gor g\u00e4llande entiteten Gud. Han t\u00e4nkte ge Gud en chans helt enkelt och s\u00f6ka efter Guds ursprung och lovade sig sj\u00e4lv att sluta om det skulle mynna ut i n\u00e5gra religi\u00f6sa flummigheter. Till slut efter inte allt f\u00f6r l\u00e5ngt s\u00f6kande hamnade han i forna Egypten med sin rika symbolv\u00e4rld d\u00e4r han efter mycken kreativt t\u00e4nkande kunde f\u00f6rst\u00e5 Guds ursprung\u2026<br> Personligen har denna \u201dnya\u201d tes om entiteten Gud helt f\u00f6r\u00e4ndrat mitt syns\u00e4tt och ger mig helt nya tolkningsm\u00f6jligheter och f\u00f6rst\u00e5else vad Gud skulle kunna vara p\u00e5 ett mer f\u00f6rnuft &#8211; baserat och intellektuellt hederligt vis skilt fr\u00e5n tidigare vilda religi\u00f6sa spekulationer som till exempel \u00f6vernaturlighet.&#8221;<\/em><\/p><cite> Frit\u00e4nkare fr\u00e5n Norrt\u00e4lje, 2012.02.07 <\/cite><\/blockquote>\n\n\n\n<blockquote style=\"text-align:right\" class=\"wp-block-quote is-style-default is-layout-flow wp-block-quote-is-layout-flow\"><p><em>&#8211; &#8221;Det \u00e4r fascinerande att h\u00f6ra er tala med ord fr\u00e5n 2011 men med ett budskap som \u00e4r direkt h\u00e4mtat fr\u00e5n de gamla hebr\u00e9erna som formulerade sig f\u00f6r mer \u00e4n 2600 \u00e5r sedan. Ni s\u00e4ger verkligen samma sak.&#8221;<\/em> <\/p><cite> Pr\u00e4st i Svenska Kyrkan &amp; 10gr ordensm\u00e4stare frimurarna, 2011.11.01 <\/cite><\/blockquote>\n\t\t","protected":false},"excerpt":{"rendered":"<p>H\u00e4r f\u00f6ljer en samling kommentarer p\u00e5 Kognitionskyrkans f\u00f6rkunnelser emottagna via hemsidan, deltagande p\u00e5 evenemang, p\u00e5 forum, i samtal eller liknande. &#8211; &#8221;Jag \u00e4r uppvuxen i en traditionell frikyrka som jag senare i livet hamnade i konflikt med p\u00e5 en l\u00e5ng rad omr\u00e5den. Eftersom f\u00f6rsamlingen var av fundamentalistisk karakt\u00e4r d\u00e4r dogmer [&hellip;]<\/p>\n","protected":false},"author":1,"featured_media":0,"comment_status":"closed","ping_status":"closed","sticky":false,"template":"","format":"standard","meta":{"footnotes":""},"categories":[4],"tags":[97,98,200,217],"class_list":["post-1117","post","type-post","status-publish","format-standard","hentry","category-information","tag-frimurarna","tag-fritankare","tag-om","tag-prast"],"_links":{"self":[{"href":"https:\/\/kognitionskyrkan.nu\/2.0\/wp-json\/wp\/v2\/posts\/1117","targetHints":{"allow":["GET"]}}],"collection":[{"href":"https:\/\/kognitionskyrkan.nu\/2.0\/wp-json\/wp\/v2\/posts"}],"about":[{"href":"https:\/\/kognitionskyrkan.nu\/2.0\/wp-json\/wp\/v2\/types\/post"}],"author":[{"embeddable":true,"href":"https:\/\/kognitionskyrkan.nu\/2.0\/wp-json\/wp\/v2\/users\/1"}],"replies":[{"embeddable":true,"href":"https:\/\/kognitionskyrkan.nu\/2.0\/wp-json\/wp\/v2\/comments?post=1117"}],"version-history":[{"count":0,"href":"https:\/\/kognitionskyrkan.nu\/2.0\/wp-json\/wp\/v2\/posts\/1117\/revisions"}],"wp:attachment":[{"href":"https:\/\/kognitionskyrkan.nu\/2.0\/wp-json\/wp\/v2\/media?parent=1117"}],"wp:term":[{"taxonomy":"category","embeddable":true,"href":"https:\/\/kognitionskyrkan.nu\/2.0\/wp-json\/wp\/v2\/categories?post=1117"},{"taxonomy":"post_tag","embeddable":true,"href":"https:\/\/kognitionskyrkan.nu\/2.0\/wp-json\/wp\/v2\/tags?post=1117"}],"curies":[{"name":"wp","href":"https:\/\/api.w.org\/{rel}","templated":true}]}}