{"id":1143,"date":"2010-01-01T01:20:46","date_gmt":"2010-01-01T00:20:46","guid":{"rendered":"https:\/\/www.kognitionskyrkan.nu\/2.0\/?p=1143"},"modified":"2010-01-01T01:20:46","modified_gmt":"2010-01-01T00:20:46","slug":"del-1-vardebas","status":"publish","type":"post","link":"https:\/\/kognitionskyrkan.nu\/2.0\/2010\/01\/01\/del-1-vardebas\/","title":{"rendered":"Del 1 &#8211; V\u00e4rdebas"},"content":{"rendered":"\n\t\t\t\t\n<p><strong><em>V\u00e4lkommen till f\u00f6rsta delen av KognitionsKyrkans v\u00e4gledning till att n\u00e5 visdom om Guds v\u00e4sen. Delarna som helhet kan j\u00e4mf\u00f6ras med att tr\u00e4na inf\u00f6r att ta k\u00f6rkort. Kortet i sig \u00e4r inget bevis p\u00e5 att du kan k\u00f6ra bil, utan endast ett tillst\u00e5nd som ger dig r\u00e4tten att forts\u00e4tta l\u00e4randet p\u00e5 egen hand. Ha ett \u00f6ppet sinne, lycka till&#8230;<\/em><\/strong><br><\/p>\n\n\n\n<div class=\"wp-block-image\"><figure class=\"alignright\"><img decoding=\"async\" src=\"https:\/\/lh3.googleusercontent.com\/-HJ7iJvWBlEO1jwyE6qxnrumLkKc-apD6SKnK0ZkGX5hUJHLeOgd-ob8DXz4gmjlbBnkkCeyvp_T6mTVTaM-ww0lzHk8aiNM7Hsxq9vSn-e4VM0Yl45n-PiiyPzI-L8pJ0VZ6pg\" alt=\"\"\/><\/figure><\/div>\n\n\n\n<p>Kognitionskyrkans religion \u00e4r <em>&#8217;v\u00e4rdefokuserad&#8217;<\/em> och inte <em>&#8217;v\u00e4rdebaserad&#8217;<\/em>, vilket generellt \u00f6vriga religioner och andliga r\u00f6relser \u00e4r. Inom en v\u00e4rdefokuserad religion \u00e4r kognitiv f\u00f6rst\u00e5else f\u00f6r<em>&#8217;v\u00e4rde&#8217;<\/em> som entitet centralt och fokuseringen p\u00e5 det subjektiva v\u00e4rdet i sig underordnat. Filosofiskt uttryckt \u00e4r det inom KognitionsKyrkan en v\u00e4rdefullare egenskap att f\u00f6rst\u00e5 sin f\u00f6rm\u00e5ga att f\u00f6rst\u00e5 v\u00e4rde \u00e4n att f\u00f6rst\u00e5 v\u00e4rdet i egenskapen i sig.<br><\/p>\n\n\n\n<p>Syna g\u00e4rna alla andliga r\u00f6relser, s\u00e5 v\u00e4l religi\u00f6sa som alternativa. Du kommer finna att de alla generellt i grunden fokuserar p\u00e5 att f\u00f6rb\u00e4ttra ditt inre baserat p\u00e5 olika v\u00e4rden. Medm\u00e4nsklighet \u00e4r v\u00e4rdefullt f\u00f6r socialt umg\u00e4nge och det kan uppn\u00e5s p\u00e5 olika s\u00e4tt, vilket har lett till att de flesta religioner fokuserar p\u00e5 det. Att m\u00e5 bra \u00e4r v\u00e4rdefullt f\u00f6r individen och d\u00e4rf\u00f6r fokuserar m\u00e5nga nyandliga och r\u00f6relser p\u00e5 det.<br><\/p>\n\n\n\n<p>KognitionsKyrkan fokuserar INTE p\u00e5 att g\u00f6ra dig till en b\u00e4ttre medm\u00e4nniska, att f\u00e5 dig att m\u00e5 bra eller liknande. Varf\u00f6r? Jo, d\u00e4rf\u00f6r att inom KognitionsKyrkan s\u00e5 \u00e4r sj\u00e4lva v\u00e4rdet i fokus. Inom KognitionsKyrkan l\u00e4r man k\u00e4nna Gud och hur v\u00e4rde h\u00e4nger ihop med Gud. En l\u00e4rdom som \u00f6ppnar d\u00f6rren till forntida visdom vars kraft uppf\u00f6rde pyramider p\u00e5 sin tid. En kraft som idag kan f\u00e5 dig att se f\u00f6rbi religioners och alternativa andliga r\u00f6relsers inb\u00f6rdes konflikter f\u00f6r att ist\u00e4llet kunna ta tillvara det sanna v\u00e4rdet i deras budskap.<\/p>\n\n\n\n<p><\/p>\n\n\n\n<p style=\"background-color:#382702;font-size:10px;text-align:right\" class=\"has-text-color has-background has-very-light-gray-color\"><em><strong>\nN\u00e4sta &#8211;>\n<a href=\"https:\/\/www.kognitionskyrkan.nu\/2.0\/2010\/01\/01\/del-2-allt-har-ett-varde\/\"> 02<\/a>\n<\/strong><\/em><\/p>\n<\/strong><\/em><\/p><\/p>\n\t\t","protected":false},"excerpt":{"rendered":"<p>V\u00e4lkommen till f\u00f6rsta delen av KognitionsKyrkans v\u00e4gledning till att n\u00e5 visdom om Guds v\u00e4sen. Delarna som helhet kan j\u00e4mf\u00f6ras med att tr\u00e4na inf\u00f6r att ta k\u00f6rkort. Kortet i sig \u00e4r inget bevis p\u00e5 att du kan k\u00f6ra bil, utan endast ett tillst\u00e5nd som ger dig r\u00e4tten att forts\u00e4tta l\u00e4randet p\u00e5 [&hellip;]<\/p>\n","protected":false},"author":1,"featured_media":0,"comment_status":"closed","ping_status":"closed","sticky":false,"template":"","format":"standard","meta":{"footnotes":""},"categories":[5],"tags":[160,264,265,266,267],"class_list":["post-1143","post","type-post","status-publish","format-standard","hentry","category-laran","tag-laran","tag-varde","tag-vardebas","tag-vardebaserad","tag-vardefokuserad"],"_links":{"self":[{"href":"https:\/\/kognitionskyrkan.nu\/2.0\/wp-json\/wp\/v2\/posts\/1143","targetHints":{"allow":["GET"]}}],"collection":[{"href":"https:\/\/kognitionskyrkan.nu\/2.0\/wp-json\/wp\/v2\/posts"}],"about":[{"href":"https:\/\/kognitionskyrkan.nu\/2.0\/wp-json\/wp\/v2\/types\/post"}],"author":[{"embeddable":true,"href":"https:\/\/kognitionskyrkan.nu\/2.0\/wp-json\/wp\/v2\/users\/1"}],"replies":[{"embeddable":true,"href":"https:\/\/kognitionskyrkan.nu\/2.0\/wp-json\/wp\/v2\/comments?post=1143"}],"version-history":[{"count":0,"href":"https:\/\/kognitionskyrkan.nu\/2.0\/wp-json\/wp\/v2\/posts\/1143\/revisions"}],"wp:attachment":[{"href":"https:\/\/kognitionskyrkan.nu\/2.0\/wp-json\/wp\/v2\/media?parent=1143"}],"wp:term":[{"taxonomy":"category","embeddable":true,"href":"https:\/\/kognitionskyrkan.nu\/2.0\/wp-json\/wp\/v2\/categories?post=1143"},{"taxonomy":"post_tag","embeddable":true,"href":"https:\/\/kognitionskyrkan.nu\/2.0\/wp-json\/wp\/v2\/tags?post=1143"}],"curies":[{"name":"wp","href":"https:\/\/api.w.org\/{rel}","templated":true}]}}