{"id":1150,"date":"2010-01-01T01:02:06","date_gmt":"2010-01-01T00:02:06","guid":{"rendered":"https:\/\/www.kognitionskyrkan.nu\/2.0\/?p=1150"},"modified":"2010-01-01T01:02:06","modified_gmt":"2010-01-01T00:02:06","slug":"del-19-hur-varfor-planen","status":"publish","type":"post","link":"https:\/\/kognitionskyrkan.nu\/2.0\/2010\/01\/01\/del-19-hur-varfor-planen\/","title":{"rendered":"Del 19 &#8211; Hur, varf\u00f6r &#038; Planen"},"content":{"rendered":"\n\t\t\t\t\n<div class=\"wp-block-cover has-background-dim is-layout-flow wp-block-cover-is-layout-flow\" style=\"background-image:url(https:\/\/new.kognitionskyrkan.nu\/2.0\/wp-content\/uploads\/2021\/01\/pexels-roxanne-shewchuk-2184177.jpg)\"><p class=\"wp-block-cover-text\">Varf\u00f6r KognitionsKyrkan?<\/p><\/div>\n\n\n\n<h3 class=\"wp-block-heading\">Hur?<\/h3>\n\n\n\n<p>Arbetet med att s\u00e4tta ihop denna sida bygger p\u00e5 ett stort intresse och ett ih\u00e4rdigt s\u00f6kande. Det har inte funnits n\u00e5gon delaktighet i n\u00e5gon sekt, hemligt s\u00e4llskap eller annan religi\u00f6s eller andlig gemenskap f\u00f6re, under eller efter arbetet att s\u00e4tta ihop KognitionsKyrkan &#8211; annan \u00e4n just den andlighet som utvecklats iom arbetet. All information \u00e4r insamlad p\u00e5 lekmannavis ifr\u00e5n k\u00e4llor som \u00e4r tillg\u00e4ngliga f\u00f6r allm\u00e4nheten och egen slutledning. Det inledande arbetet gick ut p\u00e5 att f\u00f6rs\u00f6ka f\u00f6rst\u00e5 hur v\u00e4rlden var beskaffad ur ett s\u00e5 vitt och brett perspektiv som m\u00f6jligt. Det var ett ca tre \u00e5rs arbete, vilket resulterade i skriften <a href=\"http:\/\/www.theinevitabledossier.com\/\"><em>The Inevitable Dossier<\/em><\/a>, som blev klar v\u00e5ren 2006. Men det stora arbetet b\u00f6rjade direkt efter d\u00e5 folk h\u00f6rde av sig och hade synpunkter p\u00e5 inneh\u00e5llet. Flera \u00e5r av intressanta diskussioner f\u00f6ljde med m\u00e5nga tankar att begrunda. <em>My Inevitable Dossier <\/em>p\u00e5b\u00f6rjades, d\u00e4r iden var att djupdyka ner i andlighet, religion och fr\u00e5gan om vad Gud egentligen \u00e4r. Men efter att ha vridit och v\u00e4nt p\u00e5 id\u00e9erna och m\u00e5len med arbetet, s\u00e5 prioriterades ist\u00e4llet att tiden skulle l\u00e4ggas p\u00e5 att utveckla Kognitionskyrkan.<\/p>\n\n\n\n<h3 class=\"wp-block-heading\">Varf\u00f6r?<\/h3>\n\n\n\n<p>Det \u00e4r en l\u00e5\u00e5ng historia som i kort kan beskrivas s\u00e5 h\u00e4r: N\u00e4r jag sj\u00e4lv fick barn, s\u00e5 gick det upp f\u00f6r mig att jag \u00e4r ansvarig f\u00f6r deras uppv\u00e4xt och grundkunskap. Eftersom mina f\u00f6r\u00e4ldrar eller min omgivning aldrig erbj\u00f6d n\u00e5gra vettiga f\u00f6rklaringar p\u00e5 de stora fr\u00e5gorna kring religion och Gud, s\u00e5 ins\u00e5g jag att jag ej kan l\u00e4mna efter mig samma misstag.&nbsp; Jag beh\u00f6vde ha n\u00e5got vettigt att svara n\u00e4r de b\u00f6rjar st\u00e4lla sina fr\u00e5gor. Vad de sedan v\u00e4ljer att tro p\u00e5 \u00e4r deras ensak, sj\u00e4lvklart. Efter ca 8 \u00e5rs gr\u00e4vande, s\u00e5 &#8221;f\u00f6ddes&#8221; KognitionsKyrkan den <a href=\"\/2.0\/2010\/01\/13\/nyarstal-2010-aret-vi-far-kontakt\/\">1:a januari 2010 &#8211; &#8221;\u00c5ret vi f\u00e5r kontakt&#8221;<\/a> &#8211; med h\u00e4nvisning till det gamla Rymdeposet med samma namn. Det var inte planerat, utan bara ett sammantr\u00e4ffade som jag tyckte passade.<\/p>\n\n\n\n<div class=\"wp-block-image\"><figure class=\"alignright\"><img decoding=\"async\" src=\"https:\/\/lh6.googleusercontent.com\/-Qqd0scR-YM4CGwaiBEnqE2-lnaF06MB0v0Yi9hZUdMAidbKy52m3k5CX9P3F5BFKbtb0IvjEHI0BLR6rJ-jVffV4PKCbgpOR6MTf8PHf2hnBMY10BoDeasmkdl-X9Sn8Jn1NDul\" alt=\"The thin red line\"\/><\/figure><\/div>\n\n\n\n<p>Det fanns inga direkta planer fr\u00e5n b\u00f6rjan, utan de v\u00e4vdes ihop till en mognads-process som inneh\u00e5ller l\u00e5ngt mycket mer \u00e4n jag n\u00e5gonsin kunnat f\u00f6rest\u00e4lla mig. En r\u00f6d tr\u00e5d hittades r\u00e4tt tidigt i arbetet. Den r\u00f6da tr\u00e5den bestod i att n\u00e5got m\u00e5ste vara fundamentalt fel, f\u00f6r fel f\u00f6r s\u00e5 stora och viktiga fr\u00e5gor. Fr\u00e5gar man tex en pr\u00e4st lite djupare fr\u00e5gor om gud, s\u00e5 fumlar han\/hon med orden p\u00e5 ett n\u00e4stan beundransv\u00e4rt ologiskt s\u00e4tt. Det \u00e4r n\u00e4stan s\u00e5 att man kan tyda att det \u00e4r ett medvetet val att det skall vara fumligt och ologiskt. Men varf\u00f6r? F\u00f6r att d\u00f6lja sin egen of\u00f6rm\u00e5ga att resonera djupare eller f\u00f6r att f\u00f6rsv\u00e5ra f\u00f6r andra att resonera djupare genom att sp\u00e4 p\u00e5 mystiken? F\u00f6r att kontrastera ovan fummel ifr\u00e5n dem som borde ha bra koll, s\u00e5 valde jag en egen v\u00e4g. Grunduppst\u00e4llningen utgick ifr\u00e5n fr\u00e5gan om en religi\u00f6s v\u00e4rld li v\u00e5r skulle kunna utvecklas p\u00e5 en helt annan plats i universum. Allts\u00e5, finns det n\u00e5got objektivt i den struktur av religioner som utvecklats p\u00e5 jorden? Svaret blev ja, under tv\u00e5 f\u00f6ruts\u00e4ttningar. Antingen har fundamentala bitar av kunskap om strukturen gl\u00f6mts bort eller s\u00e5 existerar den utan r\u00e4ckh\u00e5ll &#8211; dold p\u00e5 n\u00e5got vis. Kan det h\u00f6ra ihop med pr\u00e4sternas fummel?<\/p>\n\n\n\n<p>De kanske mest intressanta delar som jag fann p\u00e5 &#8221;min resa&#8221; var, f\u00f6rutom Gud, sj\u00e4lva essensen i vad en kyrka \u00e4r och samtidigt vad som jag menar g\u00e5tt snett med &#8221;den svenska kyrkan&#8221;. Om folk l\u00e4rde k\u00e4nna Gud p\u00e5 s\u00e5 sett som jag gjort, s\u00e5 tror jag kyrkorna vara fullsatta. Samtidigt s\u00e5 ser jag med r\u00e4dsla p\u00e5 den extas som tex Livets Ord och Amerikanska kyrkor kan f\u00e5 till p\u00e5 sina massm\u00f6ten. Jag f\u00f6rst\u00e5r behovet som tillfredsst\u00e4lls, men k\u00e4nner en avsky hur det missbrukas. N\u00e4r jag kombinerade ihop alla delar, s\u00e5 ins\u00e5g att jag inte skall f\u00f6rs\u00f6ka skriva en bok om detta. En bok l\u00e4ses, blir kanske aktuell och omdebatterad, men d\u00f6r till slut ut. F\u00f6r att kunna g\u00f6ra upp med vad jag anser vara galet, s\u00e5 fanns inget annat alternativ \u00e4n att p\u00e5b\u00f6rja en kyrka som kan f\u00f6rvalta, f\u00f6r\u00e4dla, utveckla och s\u00e4kra att insikterna jag funnit inte faller ur tiden.<\/p>\n\n\n\n<h3 class=\"wp-block-heading\">Planen<\/h3>\n\n\n\n<div class=\"wp-block-image\"><figure class=\"alignright\"><img decoding=\"async\" src=\"https:\/\/lh5.googleusercontent.com\/VrXQkwUisAOH3vD3l5XhZG3WTEwgYlLiojvL2x7OBFk2VOg4UtX0kAGMl7FYTNH62Gn_vIJpV3y0AiRvbhu5ay2jiHjSnjkuCc_T1SAEOhLQ9M2mL1dosO65jgf1OTvHqSQcQwLu\" alt=\"Prospektet\"\/><\/figure><\/div>\n\n\n\n<p>Planen \u00e4r enkel. Att under <a href=\"http:\/\/kognitionskyrkan.nu\/1.0\/artiklar\/9-nyheter\/56-vad-aer-tio-ar-egentligen-vaert\"><strong>tio \u00e5r<\/strong><\/a> (fr\u00e5n <strong><a href=\"\/2.0\/2010\/01\/13\/nyarstal-2010-aret-vi-far-kontakt\/\">1:a januari 2010<\/a><\/strong>) testa och utv\u00e4rdera m\u00f6jligheten till att etablera en fysisk kyrka. Detta kommer g\u00f6ras med hj\u00e4lp av tv\u00e5 initiativ. Det ena g\u00e5r ut p\u00e5 att forma ett prospekt som skall locka till ekonomisk investerings, f\u00f6r att t\u00e4cka initiala kostnader att starta upp den fysiska kyrkan. Den andra \u00e4r hemlig tills vidare. Den fysiska kyrkan skall fungera som en normal svensk kyrka g\u00e4llande daglig verksamhet, fast med ett Egyptiskt grundtema i symboliken. Anledningen till den Egyptiska symboliken kommer beskrivas i prospektet, f\u00f6r den som inte har tid\/lust att s\u00e4tta sig in i kyrkans ord. \u00d6ppen f\u00f6rskola, k\u00f6rer, Andlighet, Samtal om Gud, Kognitiv terapi, m, m. Handen skall str\u00e4ckas ut till alla andliga och religi\u00f6sa organisationer f\u00f6r samarbete.<\/p>\n\n\n\n<p>\/Roberth (KognitionsKyrkans skapare)<\/p>\n\n\n\n<p><p style=\"background-color:#382702;font-size:10px;text-align:right\" class=\"has-text-color has-background has-very-light-gray-color\"><em><strong>\n<a href=\"https:\/\/www.kognitionskyrkan.nu\/2.0\/2010\/01\/01\/del-1-vardebas\/\">01<\/a>,&nbsp;\n<a href=\"https:\/\/www.kognitionskyrkan.nu\/2.0\/2010\/01\/01\/del-2-allt-har-ett-varde\/\">02<\/a>,&nbsp;\n<a href=\"https:\/\/www.kognitionskyrkan.nu\/2.0\/2010\/01\/01\/del-3-vardefullt-for-vem\/\">03<\/a>,&nbsp;\n<a href=\"https:\/\/www.kognitionskyrkan.nu\/2.0\/2010\/01\/01\/del-4-syfte\/\">04<\/a>,&nbsp;\n<a href=\"https:\/\/www.kognitionskyrkan.nu\/2.0\/2010\/01\/01\/del-5-gott-och-ont\/\">05<\/a>,&nbsp;\n<a href=\"https:\/\/www.kognitionskyrkan.nu\/2.0\/2010\/01\/01\/del-6-synd\/\">06<\/a>,&nbsp;\n<a href=\"https:\/\/www.kognitionskyrkan.nu\/2.0\/2010\/01\/01\/del-7-vardehierarkier\/\">07<\/a>,&nbsp;\n<a href=\"https:\/\/www.kognitionskyrkan.nu\/2.0\/2010\/01\/01\/del-8-absolut-makt\/\">08<\/a>,&nbsp;\n<a href=\"https:\/\/www.kognitionskyrkan.nu\/2.0\/2010\/01\/01\/del-9-manskligt\/\">09<\/a>,&nbsp;\n<a href=\"https:\/\/www.kognitionskyrkan.nu\/2.0\/2010\/01\/01\/del-10-bibeln\/\">10<\/a><br>\n<a href=\"https:\/\/www.kognitionskyrkan.nu\/2.0\/2010\/01\/01\/del-11-adam-eva-stenen\/\">11<\/a>,&nbsp;\n<a href=\"https:\/\/www.kognitionskyrkan.nu\/2.0\/2010\/01\/01\/del-12-gud-den-allvetande\/\">12<\/a>,&nbsp;\n<a href=\"https:\/\/www.kognitionskyrkan.nu\/2.0\/2010\/01\/01\/del-13-gud-den-allseende\/\">13<\/a>,&nbsp;\n<a href=\"https:\/\/www.kognitionskyrkan.nu\/2.0\/2010\/01\/01\/del-14-gud-den-allsmaktige\/\">14<\/a>,&nbsp;\n<a href=\"https:\/\/www.kognitionskyrkan.nu\/2.0\/2010\/01\/01\/del-15-gud-den-outgrunderlige\/\">15<\/a>,&nbsp;\n<a href=\"https:\/\/www.kognitionskyrkan.nu\/2.0\/2010\/01\/01\/del-16-gud-den-helige\/\">16<\/a>,&nbsp;\n<a href=\"https:\/\/www.kognitionskyrkan.nu\/2.0\/2010\/01\/01\/del-17-gud-den-ende\/\">17<\/a>,&nbsp;\n<a href=\"https:\/\/www.kognitionskyrkan.nu\/2.0\/2010\/01\/01\/del-18-messias-den-utvalde\/\">18<\/a>,&nbsp;\nN\u00e4sta &#8211;&gt;\n<a href=\"https:\/\/www.kognitionskyrkan.nu\/2.0\/2010\/01\/01\/del-20-tron-hoppet\/\">20<\/a>\n<\/strong><\/em><\/p><\/p>\n\t\t","protected":false},"excerpt":{"rendered":"<p>Hur? Arbetet med att s\u00e4tta ihop denna sida bygger p\u00e5 ett stort intresse och ett ih\u00e4rdigt s\u00f6kande. Det har inte funnits n\u00e5gon delaktighet i n\u00e5gon sekt, hemligt s\u00e4llskap eller annan religi\u00f6s eller andlig gemenskap f\u00f6re, under eller efter arbetet att s\u00e4tta ihop KognitionsKyrkan &#8211; annan \u00e4n just den andlighet som [&hellip;]<\/p>\n","protected":false},"author":1,"featured_media":0,"comment_status":"closed","ping_status":"closed","sticky":false,"template":"","format":"standard","meta":{"footnotes":""},"categories":[5],"tags":[11,160,216,220,249,271],"class_list":["post-1150","post","type-post","status-publish","format-standard","hentry","category-laran","tag-11","tag-laran","tag-planen","tag-prospekt","tag-theinevitabledossier","tag-varfor"],"_links":{"self":[{"href":"https:\/\/kognitionskyrkan.nu\/2.0\/wp-json\/wp\/v2\/posts\/1150","targetHints":{"allow":["GET"]}}],"collection":[{"href":"https:\/\/kognitionskyrkan.nu\/2.0\/wp-json\/wp\/v2\/posts"}],"about":[{"href":"https:\/\/kognitionskyrkan.nu\/2.0\/wp-json\/wp\/v2\/types\/post"}],"author":[{"embeddable":true,"href":"https:\/\/kognitionskyrkan.nu\/2.0\/wp-json\/wp\/v2\/users\/1"}],"replies":[{"embeddable":true,"href":"https:\/\/kognitionskyrkan.nu\/2.0\/wp-json\/wp\/v2\/comments?post=1150"}],"version-history":[{"count":0,"href":"https:\/\/kognitionskyrkan.nu\/2.0\/wp-json\/wp\/v2\/posts\/1150\/revisions"}],"wp:attachment":[{"href":"https:\/\/kognitionskyrkan.nu\/2.0\/wp-json\/wp\/v2\/media?parent=1150"}],"wp:term":[{"taxonomy":"category","embeddable":true,"href":"https:\/\/kognitionskyrkan.nu\/2.0\/wp-json\/wp\/v2\/categories?post=1150"},{"taxonomy":"post_tag","embeddable":true,"href":"https:\/\/kognitionskyrkan.nu\/2.0\/wp-json\/wp\/v2\/tags?post=1150"}],"curies":[{"name":"wp","href":"https:\/\/api.w.org\/{rel}","templated":true}]}}