{"id":1350,"date":"2012-06-08T14:39:00","date_gmt":"2012-06-08T12:39:00","guid":{"rendered":"https:\/\/www.kognitionskyrkan.nu\/2.0\/?p=1350"},"modified":"2012-06-08T14:39:00","modified_gmt":"2012-06-08T12:39:00","slug":"livet-efter-detta-och-dess-evighet","status":"publish","type":"post","link":"https:\/\/kognitionskyrkan.nu\/2.0\/2012\/06\/08\/livet-efter-detta-och-dess-evighet\/","title":{"rendered":"Livet efter detta och dess evighet"},"content":{"rendered":"\n\t\t\t\t\n<h3 class=\"wp-block-heading\">Oron f\u00f6r vart vi tar v\u00e4gen n\u00e4r vi d\u00f6r<\/h3>\n\n\n\n<div class=\"wp-block-image\"><figure class=\"alignright\"><img decoding=\"async\" src=\"https:\/\/lh5.googleusercontent.com\/jaKDlNmKoApeHOetjX1gczDX0__0XkQkbE0t4LWtGVMh9YpJMI8ZPh1d7njNPV2QkIMQPmm9aVO2Azc5YHDfzIrOkhMcH8he80wbXnPe2OdnFWL2rKrkXmR4mdh7IkOQGs3nvvnI\" alt=\"mummy\"\/><\/figure><\/div>\n\n\n\n<p><strong><\/strong>Det finns de bland oss som ser p\u00e5 framtiden med oro. Vi kommer alla att rent fysiskt d\u00f6 men enligt merparten av religi\u00f6sa traditioner s\u00e5 kommer vi vid v\u00e5rt livs slut st\u00e5 till svars f\u00f6r v\u00e5rt leverne i den yttersta domen, vilket avg\u00f6r framtiden f\u00f6r v\u00e5rt andliga liv efter d\u00f6den. Kommer vi f\u00e5 en plats i evigheten? Kommer vi att sl\u00e4ppas in i himmelriket eller kommer vi brinna i helvetet? Oavsett om vi \u00e4r bokstavstroende, troende, liberalt andliga, inte alls troende eller inte bryr oss om religion \u00f6ver huvudet taget, s\u00e5 b\u00f6r vi alla p\u00e5 ett rent empatiskt plan \u00f6verv\u00e4ga att f\u00f6rst\u00e5 vad denna religi\u00f6sa symbolik inneb\u00e4r f\u00f6r att kunna st\u00f6tta och hj\u00e4lpa de som lider av sin oro f\u00f6r framtiden.<\/p>\n\n\n\n<h3 class=\"wp-block-heading\">Jaget och dess egoism<\/h3>\n\n\n\n<p>Den viktigaste l\u00e4ran om dig sj\u00e4lv \u00e4r att ditt andliga Jag inte helt och h\u00e5llet \u00e4r ditt. F\u00f6rh\u00e5llandet mellan dig och ditt Jag kan j\u00e4mf\u00f6ras med dina f\u00f6r\u00e4ldrars f\u00f6rh\u00e5llande till dig. De har bidragit mycket till grunden av din personlighet, men de har aldrig haft m\u00f6jlighet att styra eller kontrollera dina viljor. Du m\u00e5 tro att du \u00e4r helt och h\u00e5ller skapt av dina egna f\u00f6rehavanden, men s\u00e5 \u00e4r det icke. Du \u00e4r kommen av de sammanhang du lever i och den bakgrund du utvecklats genom. Precis som du p\u00e5verkas av andra i din omv\u00e4rld, s\u00e5 p\u00e5verkar \u00e4ven du omv\u00e4rlden. Men tro inte att du kan best\u00e4mma \u00f6ver vad som p\u00e5verkar dig eller p\u00e5 vad s\u00e4tt du p\u00e5verkar andra. Ditt eget avtryck i omgivningen \u00e4r helt frist\u00e5ende fr\u00e5n ditt Jag\u2019s egoistiska viljor. Endast Gud avg\u00f6r vad av dig som \u00e4r viktigt nog att f\u00f6ra vidare in i evigheten.<\/p>\n\n\n\n<h3 class=\"wp-block-heading\">Livet \u00e4r evigt och existerar efter d\u00f6den<\/h3>\n\n\n\n<p>Inom ramen f\u00f6r skapelsen s\u00e5 \u00e4r livet evigt och kommer s\u00e5ledes att f\u00f6r evigt existera oberoende av v\u00e5ra kroppars fysiska d\u00f6d. Bakgrunden till begreppen \u201dEvighet\u201d och \u201dLivet efter detta\u201d kommer ifr\u00e5n de antika Egyptiernas sinnesv\u00e4rld. Till skillnad fr\u00e5n oss s\u00e5 besatt de visdomen om vad de innebar. Vi kan ju alla bekr\u00e4fta att Egyptierna var enast\u00e5ende p\u00e5 att pryda d\u00f6dens boningar med \u00f6verd\u00e5diga verk. F\u00e5 l\u00e4mnar gravarna i \u201dkonungarnas dal\u201d ober\u00f6rda. Egyptierna lade ned stor kraft p\u00e5 att f\u00f6reviga Faraons liv. Faraon ans\u00e5gs vara frukten av den samtida m\u00e4nniskan liv, vilket innebar att bevarandet av honom bevarade \u00e4ven alla de som levde under hans styre. Egyptierna visste hur viktigt det var att l\u00e4ra sig om hur v\u00e4rlden fungerade och f\u00f6ra dessa kunskaper vidare. De hade garanterat farit illa och d\u00f6tt till f\u00f6rm\u00e5n f\u00f6r viktiga kunskaper om tex giftiga v\u00e4xter och djur. Kunskaper som lever kvar \u00e4n idag. T\u00e4nk sj\u00e4lv, om du inte vet att en skallerorm kan d\u00f6da dig med sitt gift, s\u00e5 kommer du mest sannolikt d\u00f6 n\u00e4r du tr\u00e4ffar p\u00e5 den. Bet\u00e4nk en v\u00e4rld d\u00e4r ingen kunskap alls existerar. Kaos och faror \u00f6ver allt. Egyptierna b\u00f6rjade systematiskt f\u00f6ra i system hur dessa kunskaper skulle \u00f6verleva sina uppt\u00e4ckare. De var v\u00e4rldens f\u00f6rsta k\u00e4nda systematiska forskare som samlade kunskaperna centralt, till skillnad fr\u00e5n att utnyttja den f\u00f6r eget b\u00e4sta. Faraon stod som yttersta ansvarig f\u00f6r kunskapens beskydd. Kunskapen i sig v\u00e4xte med tiden till att bli det andliga livet, vilket gjorde det m\u00f6jligt att f\u00f6rst\u00e5 och tolka v\u00e4rlden. Varje litet fragment av kunskap var viktiga pusselbitar som formats av individer f\u00f6r gemenskapens b\u00e4sta, vilket iom de prydliga begravningarna av faraonerna f\u00f6revigades \u2013 och lever vidare \u00e4n idag.<\/p>\n\n\n\n<h3 class=\"wp-block-heading\">Himmelriket eller helvetet<\/h3>\n\n\n\n<p>Du kan garantera din plats i himmelens rike genom att bidra till gemenskapens b\u00e4sta. Men anv\u00e4nder du ist\u00e4llet dina kunskaper p\u00e5 ett egoistisk s\u00e4tt kommer ditt avtryck p\u00e5 omgivningen mest troligen inte bli stort och om det \u00e4nd\u00e5 blir det i negativ form, s\u00e5 att du f\u00f6revigas som negativ inverkan p\u00e5 det gemensamt goda. D\u00e5 har du enligt de gamla egyptiernas visdom d\u00f6mts att hamna i vad traditionellt religi\u00f6s symbolik beskrivs som helvetet.<\/p>\n\n\n\n<p>Det gemensamt b\u00e4sta eller det egna b\u00e4sta, du har friheten att v\u00e4lja \u2013 en frihet under samma ansvar som \u00e5rtusenden av generationer lett till att just du har friheten att v\u00e4lja. Vad du \u00e4n v\u00e4ljer, underskatta inte vad dina val inneb\u00e4r f\u00f6r framtiden.<\/p>\n\n\n\n<blockquote class=\"wp-block-quote is-layout-flow wp-block-quote-is-layout-flow\"><p><em>&#8211; &#8221;Vet ni inte att er kropp \u00e4r ett tempel f\u00f6r den Helige Ande, som ni har inom er och som ni har f\u00e5tt fr\u00e5n Gud? Ni tillh\u00f6r inte er sj\u00e4lva. Gud har k\u00f6pt er och priset \u00e4r betalt. \u00c4ra d\u00e5 Gud med er kropp.&#8221; <\/em><br><\/p><cite><em>&#8211;<\/em> <em>f\u00f6rsta korinterbrevet 6:19-20<\/em> <\/cite><\/blockquote>\n\t\t","protected":false},"excerpt":{"rendered":"<p>Oron f\u00f6r vart vi tar v\u00e4gen n\u00e4r vi d\u00f6r Det finns de bland oss som ser p\u00e5 framtiden med oro. Vi kommer alla att rent fysiskt d\u00f6 men enligt merparten av religi\u00f6sa traditioner s\u00e5 kommer vi vid v\u00e5rt livs slut st\u00e5 till svars f\u00f6r v\u00e5rt leverne i den yttersta domen, [&hellip;]<\/p>\n","protected":false},"author":1,"featured_media":0,"comment_status":"closed","ping_status":"closed","sticky":false,"template":"","format":"standard","meta":{"footnotes":""},"categories":[3,4],"tags":[70,74,81,120,125,138,164,165,208],"class_list":["post-1350","post","type-post","status-publish","format-standard","hentry","category-forkunnelser","category-information","tag-doden","tag-egosim","tag-evigt-liv","tag-helvetet","tag-himmelriket","tag-jaget","tag-livet","tag-livet-efter-detta","tag-oro"],"_links":{"self":[{"href":"https:\/\/kognitionskyrkan.nu\/2.0\/wp-json\/wp\/v2\/posts\/1350","targetHints":{"allow":["GET"]}}],"collection":[{"href":"https:\/\/kognitionskyrkan.nu\/2.0\/wp-json\/wp\/v2\/posts"}],"about":[{"href":"https:\/\/kognitionskyrkan.nu\/2.0\/wp-json\/wp\/v2\/types\/post"}],"author":[{"embeddable":true,"href":"https:\/\/kognitionskyrkan.nu\/2.0\/wp-json\/wp\/v2\/users\/1"}],"replies":[{"embeddable":true,"href":"https:\/\/kognitionskyrkan.nu\/2.0\/wp-json\/wp\/v2\/comments?post=1350"}],"version-history":[{"count":0,"href":"https:\/\/kognitionskyrkan.nu\/2.0\/wp-json\/wp\/v2\/posts\/1350\/revisions"}],"wp:attachment":[{"href":"https:\/\/kognitionskyrkan.nu\/2.0\/wp-json\/wp\/v2\/media?parent=1350"}],"wp:term":[{"taxonomy":"category","embeddable":true,"href":"https:\/\/kognitionskyrkan.nu\/2.0\/wp-json\/wp\/v2\/categories?post=1350"},{"taxonomy":"post_tag","embeddable":true,"href":"https:\/\/kognitionskyrkan.nu\/2.0\/wp-json\/wp\/v2\/tags?post=1350"}],"curies":[{"name":"wp","href":"https:\/\/api.w.org\/{rel}","templated":true}]}}