{"id":1355,"date":"2010-10-19T14:48:47","date_gmt":"2010-10-19T12:48:47","guid":{"rendered":"https:\/\/www.kognitionskyrkan.nu\/2.0\/?p=1355"},"modified":"2010-10-19T14:48:47","modified_gmt":"2010-10-19T12:48:47","slug":"fragan-till-gud","status":"publish","type":"post","link":"https:\/\/kognitionskyrkan.nu\/2.0\/2010\/10\/19\/fragan-till-gud\/","title":{"rendered":"Fr\u00e5gan till Gud"},"content":{"rendered":"\n\t\t\t\t\n<div class=\"wp-block-image\"><figure class=\"alignright\"><img decoding=\"async\" src=\"https:\/\/lh3.googleusercontent.com\/x5aeAVcAlB-71VhBLVlzc18Y8d0q1uYvFWYFHZt6BXJAIgNAdI68wFnHkGLMkqDypXujrYuLVAMezqxoR7KmKNEope-zeVAL9GFmZRVOjlmjXxE2M5CnNiC-zUhru4g5XkZsJfFu\" alt=\"Dize\"\/><\/figure><\/div>\n\n\n\n<p>Jag fick nyligen fr\u00e5gan om vilken fr\u00e5ga jag skulle st\u00e4lla till Gud om jag fick m\u00f6jligheten. I mitt fall var svaret p\u00e5 fr\u00e5gan mer komplicerad \u00e4n jag f\u00f6rst ins\u00e5g, d\u00e5 jag &#8211; efter jag fick kontakt med Gud &#8211; f\u00f6r en konstant dialog med honom. Men en dialog med Gud fungerar inte i fr\u00e5geform p\u00e5 det s\u00e4tt vi allm\u00e4nt k\u00e4nner till begreppet dialog, s\u00e5 d\u00e4rf\u00f6r \u00e4r det fr\u00e4mmande f\u00f6r mig att formulera en fr\u00e5ga i den dialogen. Men fr\u00e5gest\u00e4llaren stod p\u00e5 sig och efter en tids grubblande s\u00e5 formulerade jag fram f\u00f6ljande fr\u00e5ga:<\/p>\n\n\n\n<blockquote class=\"wp-block-quote is-layout-flow wp-block-quote-is-layout-flow\"><p><em>&#8211; &#8221;Jag tillh\u00f6r den lyckliga skaran som funnit dig, lyckats f\u00f6rst\u00e5 ditt v\u00e4sen och upprymts av din storhet. Samtidigt som jag k\u00e4nner att jag har ditt fulla st\u00f6d, s\u00e5 k\u00e4nner jag en vilsenhet inf\u00f6r det faktum att du st\u00f6djer mig i mina tankar om att n\u00e5got \u00e4r snett med den allm\u00e4nna synen p\u00e5 ditt v\u00e4sen. Du vill att jag skall utforska detta djupare, d\u00e5 det blir allt fler som missbrukar dig f\u00f6r egna intressen. Min fr\u00e5ga till dig \u00e4r: Om jag finner ut att den allm\u00e4nna synen p\u00e5 ditt v\u00e4sen vilar p\u00e5 ett missbruk i f\u00f6rvaltningen av dig inom ditt egna hus, kommer du st\u00f6tta mig \u00e4ven om jag f\u00f6r upp detta p\u00e5 bordet?&#8221;<\/em><br><\/p><cite>N\u00e5gon som talar med Gud<\/cite><\/blockquote>\n\t\t","protected":false},"excerpt":{"rendered":"<p>Jag fick nyligen fr\u00e5gan om vilken fr\u00e5ga jag skulle st\u00e4lla till Gud om jag fick m\u00f6jligheten. I mitt fall var svaret p\u00e5 fr\u00e5gan mer komplicerad \u00e4n jag f\u00f6rst ins\u00e5g, d\u00e5 jag &#8211; efter jag fick kontakt med Gud &#8211; f\u00f6r en konstant dialog med honom. Men en dialog med Gud [&hellip;]<\/p>\n","protected":false},"author":1,"featured_media":0,"comment_status":"closed","ping_status":"closed","sticky":false,"template":"","format":"standard","meta":{"footnotes":""},"categories":[3,4,8],"tags":[65,91,112,137,228],"class_list":["post-1355","post","type-post","status-publish","format-standard","hentry","category-forkunnelser","category-information","category-samtal","tag-dialog","tag-fragan-till-gud","tag-gud","tag-jag","tag-samtal"],"_links":{"self":[{"href":"https:\/\/kognitionskyrkan.nu\/2.0\/wp-json\/wp\/v2\/posts\/1355","targetHints":{"allow":["GET"]}}],"collection":[{"href":"https:\/\/kognitionskyrkan.nu\/2.0\/wp-json\/wp\/v2\/posts"}],"about":[{"href":"https:\/\/kognitionskyrkan.nu\/2.0\/wp-json\/wp\/v2\/types\/post"}],"author":[{"embeddable":true,"href":"https:\/\/kognitionskyrkan.nu\/2.0\/wp-json\/wp\/v2\/users\/1"}],"replies":[{"embeddable":true,"href":"https:\/\/kognitionskyrkan.nu\/2.0\/wp-json\/wp\/v2\/comments?post=1355"}],"version-history":[{"count":0,"href":"https:\/\/kognitionskyrkan.nu\/2.0\/wp-json\/wp\/v2\/posts\/1355\/revisions"}],"wp:attachment":[{"href":"https:\/\/kognitionskyrkan.nu\/2.0\/wp-json\/wp\/v2\/media?parent=1355"}],"wp:term":[{"taxonomy":"category","embeddable":true,"href":"https:\/\/kognitionskyrkan.nu\/2.0\/wp-json\/wp\/v2\/categories?post=1355"},{"taxonomy":"post_tag","embeddable":true,"href":"https:\/\/kognitionskyrkan.nu\/2.0\/wp-json\/wp\/v2\/tags?post=1355"}],"curies":[{"name":"wp","href":"https:\/\/api.w.org\/{rel}","templated":true}]}}